{"id":166611,"date":"2025-11-27T03:29:11","date_gmt":"2025-11-27T03:29:11","guid":{"rendered":"https:\/\/www.europesays.com\/pt\/166611\/"},"modified":"2025-11-27T03:29:11","modified_gmt":"2025-11-27T03:29:11","slug":"cadaveres-misturados-e-jogados-fora-atentado-contra-os-mortos-alhos-vedros-ato-de-puro-vandalismo-no-cemiterio","status":"publish","type":"post","link":"https:\/\/www.europesays.com\/pt\/166611\/","title":{"rendered":"Cad\u00e1veres &#8220;misturados e jogados fora&#8221;, &#8220;atentado contra os mortos&#8221;: Alhos Vedros, ato de &#8220;puro vandalismo&#8221; no cemit\u00e9rio"},"content":{"rendered":"<p>\t                Foi for\u00e7ada a entrada em pelo menos quatro jazigos-capela em Alhos Vedros (Moita, distrito de Set\u00fabal) e dez cad\u00e1veres foram despejados dos caix\u00f5es diretamente para o ch\u00e3o<\/p>\n<p>O cemit\u00e9rio de Alhos Vedros foi vandalizado durante a madrugada de segunda-feira. Pelo menos quatro jazigos-capela foram arrombados, existindo relatos de campas abertas, caix\u00f5es partidos e cad\u00e1veres espalhados pelo recinto.<\/p>\n<p>O alerta foi dado na manh\u00e3 de ter\u00e7a-feira por Nuno Pacheco, p\u00e1roco da\u00a0Par\u00f3quia de S\u00e3o Louren\u00e7o de Alhos Vedros, que garante \u00e0 CNN Portugal que o &#8220;processo de identifica\u00e7\u00e3o est\u00e1 a ser feito pelas autoridades e, em breve, as fam\u00edlias dever\u00e3o ter conhecimento\u201d, sendo que est\u00e3o em causa dez cad\u00e1veres.<\/p>\n<p>Ap\u00f3s o alerta, elementos da GNR, bombeiros e do Instituto de Medicina Legal dirigiram-se ao cemit\u00e9rio de Alhos Vedros. Ao local foi ainda o bispo de Set\u00fabal, Am\u00e9rico Aguiar, bem como o presidente da C\u00e2mara da Moita, Carlos Albino, e a presidente da Junta de Freguesia de Alhos Vedros,\u00a0Artur Varandas.<\/p>\n<p>O cemit\u00e9rio permanece temporariamente encerrado, com uma corrente e um cadeado \u00e0 volta do port\u00e3o principal.<\/p>\n<p>O caso foi descoberto por um dos funcion\u00e1rios da par\u00f3quia, que explica que assim que chegou ao posto de trabalho na torre da igreja &#8220;viu algo que n\u00e3o era normal&#8221;, referindo que viu um caix\u00e3o &#8220;verticalmente encostado \u00e0 parede&#8221;. &#8220;Isso levou-me \u00e0 suspeita de que algo tinha acontecido\u201d, conta Rubens.<\/p>\n<p>O funcion\u00e1rio explica que desceu da torre da igreja em dire\u00e7\u00e3o ao cemit\u00e9rio para se deparar com &#8220;uma\u00a0coisa que gostaria de nunca ter visto&#8221;: &#8220;Aquelas pessoas ali, no seu descanso final, tudo misturado e jogado fora. Realmente, puro vandalismo\u201d, relembra visivelmente consternado.<\/p>\n<p>O p\u00e1roco Nuno Pacheco desmente que tenha existido qualquer desmembramento de cad\u00e1veres, mas compreende o mal-entendido: &#8220;Quando se retira um cad\u00e1ver de uma urna e se joga no ch\u00e3o, algumas partes podem efetivamente n\u00e3o continuar coladas ao pr\u00f3prio corpo\u201d, explicando que a entrada foi for\u00e7ada nos quatro jazigos e os corpos foram despejados dos caix\u00f5es no ch\u00e3o.<\/p>\n<p>\u201cA profana\u00e7\u00e3o de cad\u00e1veres tem tr\u00eas significados: a profana\u00e7\u00e3o do corpo, o desrespeito pelo cad\u00e1ver e o desrespeito pelo espa\u00e7o em que se est\u00e1. E aqui aconteceram essas coisas, num n\u00edvel muito elevado e num grau que nunca se tinha encontrado\u201d, explica Nuno Pacheco.<\/p>\n<p>O p\u00e1roco de Alhos Vedros especula que o objeto do ato de vandalismo tenha sido retirar os bens de valor com que os cad\u00e1veres possam ter sido enterrados. &#8220;Quando acontece este tipo de situa\u00e7\u00f5es nos cemit\u00e9rios, um pouco por todo o pa\u00eds, est\u00e3o sempre \u00e0 procura de alguma coisa que se possa recuperar e vender, parece que possa ter sido essa motiva\u00e7\u00e3o.\u201d<\/p>\n<p>Am\u00e9rico Aguiar manifestou \u201cprofunda tristeza\u201d e \u201cconsterna\u00e7\u00e3o\u201d perante o sucedido no cemit\u00e9rio de Alhos Vedros e classificou o ocorrido como um \u201cgesto sacr\u00edlego\u201d que atenta contra a dignidade humana, noticia a\u00a0<a href=\"https:\/\/agencia.ecclesia.pt\/portal\/setubal-d-americo-aguiar-condena-profanacao-de-sepulturas-em-alhos-vedros\/\" target=\"_blank\" rel=\"nofollow noopener\">Ag\u00eancia ECCLESIA<\/a>.<\/p>\n<p>\u201cQualquer atentado contra os mortos \u00e9 tamb\u00e9m uma ferida aberta no cora\u00e7\u00e3o dos vivos\u201d, reiterou o bispo de Set\u00fabal, acrescentando que este tipo de atos \u201cfere a mem\u00f3ria dos que j\u00e1 partiram e causa sofrimento acrescido \u00e0s suas fam\u00edlias\u201d.<\/p>\n","protected":false},"excerpt":{"rendered":"Foi for\u00e7ada a entrada em pelo menos quatro jazigos-capela em Alhos Vedros (Moita, distrito de Set\u00fabal) e dez&hellip;\n","protected":false},"author":2,"featured_media":166612,"comment_status":"","ping_status":"","sticky":false,"template":"","format":"standard","meta":{"footnotes":""},"categories":[10],"tags":[609,35122,35123,836,611,27,28,35121,607,608,333,832,604,135,610,476,15,16,301,830,14,603,25,26,570,21,22,831,833,62,834,12,13,19,20,835,602,52,32,23,24,33,17,18,29,30,31,20910],"class_list":{"0":"post-166611","1":"post","2":"type-post","3":"status-publish","4":"format-standard","5":"has-post-thumbnail","7":"category-portugal","8":"tag-alerta","9":"tag-alhos-vedros","10":"tag-americo-aguiar","11":"tag-analise","12":"tag-ao-minuto","13":"tag-breaking-news","14":"tag-breakingnews","15":"tag-cemiterio-de-alhos-vedros","16":"tag-cnn","17":"tag-cnn-portugal","18":"tag-comentadores","19":"tag-costa","20":"tag-crime","21":"tag-desporto","22":"tag-direto","23":"tag-economia","24":"tag-featured-news","25":"tag-featurednews","26":"tag-governo","27":"tag-guerra","28":"tag-headlines","29":"tag-justica","30":"tag-latest-news","31":"tag-latestnews","32":"tag-live","33":"tag-main-news","34":"tag-mainnews","35":"tag-mais-vistas","36":"tag-marcelo","37":"tag-mundo","38":"tag-negocios","39":"tag-news","40":"tag-noticias","41":"tag-noticias-principais","42":"tag-noticiasprincipais","43":"tag-opiniao","44":"tag-pais","45":"tag-politica","46":"tag-portugal","47":"tag-principais-noticias","48":"tag-principaisnoticias","49":"tag-pt","50":"tag-top-stories","51":"tag-topstories","52":"tag-ultimas","53":"tag-ultimas-noticias","54":"tag-ultimasnoticias","55":"tag-vandalismo"},"share_on_mastodon":{"url":"","error":"Validation failed: Text character limit of 500 exceeded"},"_links":{"self":[{"href":"https:\/\/www.europesays.com\/pt\/wp-json\/wp\/v2\/posts\/166611","targetHints":{"allow":["GET"]}}],"collection":[{"href":"https:\/\/www.europesays.com\/pt\/wp-json\/wp\/v2\/posts"}],"about":[{"href":"https:\/\/www.europesays.com\/pt\/wp-json\/wp\/v2\/types\/post"}],"author":[{"embeddable":true,"href":"https:\/\/www.europesays.com\/pt\/wp-json\/wp\/v2\/users\/2"}],"replies":[{"embeddable":true,"href":"https:\/\/www.europesays.com\/pt\/wp-json\/wp\/v2\/comments?post=166611"}],"version-history":[{"count":0,"href":"https:\/\/www.europesays.com\/pt\/wp-json\/wp\/v2\/posts\/166611\/revisions"}],"wp:featuredmedia":[{"embeddable":true,"href":"https:\/\/www.europesays.com\/pt\/wp-json\/wp\/v2\/media\/166612"}],"wp:attachment":[{"href":"https:\/\/www.europesays.com\/pt\/wp-json\/wp\/v2\/media?parent=166611"}],"wp:term":[{"taxonomy":"category","embeddable":true,"href":"https:\/\/www.europesays.com\/pt\/wp-json\/wp\/v2\/categories?post=166611"},{"taxonomy":"post_tag","embeddable":true,"href":"https:\/\/www.europesays.com\/pt\/wp-json\/wp\/v2\/tags?post=166611"}],"curies":[{"name":"wp","href":"https:\/\/api.w.org\/{rel}","templated":true}]}}