{"id":166613,"date":"2025-11-27T03:32:05","date_gmt":"2025-11-27T03:32:05","guid":{"rendered":"https:\/\/www.europesays.com\/pt\/166613\/"},"modified":"2025-11-27T03:32:05","modified_gmt":"2025-11-27T03:32:05","slug":"filha-de-bruce-willis-atualiza-estado-de-saude-do-ator-sapo","status":"publish","type":"post","link":"https:\/\/www.europesays.com\/pt\/166613\/","title":{"rendered":"Filha de Bruce Willis atualiza estado de sa\u00fade do ator &#8211; SAPO"},"content":{"rendered":"<ol>\n<li><a href=\"https:\/\/news.google.com\/rss\/articles\/CBMipAFBVV95cUxQU3pWeWN1SDlYeW1pMTVYdDF1Q1NNWmhveXd4OUFxRm9Nc0NRTkhTWnR6Rmo2VV9YXzRiTnZxTnB2ZlBQckowWW9LVW1jZ3lCWElkTnA4T3pmU21KRVRHcEQ2MWdlcjFEMGFxZVhCT2tEMklvOXFkUkVyX244VHQ0NmlIakhlUDlLYW5UdkpjLVJrQU1PRWlrbHp3YzlFRU1MOVMyUw?oc=5\" target=\"_blank\" rel=\"nofollow noopener\">Filha de Bruce Willis atualiza estado de sa\u00fade do ator<\/a>&nbsp;&nbsp;SAPO<\/li>\n<li><a href=\"https:\/\/news.google.com\/rss\/articles\/CBMiywFBVV95cUxOVzhiUGRHbXRtR2dBU0IwMDNqY2hibWt0SUdOSU5lYmtHSm5pdFZKSmFidTZCZ1BDYWZHX1RVTTZDMmQ1QjhGNl9sY3FyZjJodnItMWhIX1R0UWlNTTVSZzNLWC1hNFFzVFNnb3YzbWFzQ1pyNU85R1ZLV0IzYzhVYkxMSzJmRHpveEgyUVUxS3Z2U3hfcTk1SHY5RnNIeTloYTFYemhudW1Sd1o3N1FRVGFmR192aUIyTjQydVMxUk9Ub291UUN5Y0hINA?oc=5\" target=\"_blank\" rel=\"nofollow noopener\">\u2018Fico muito feliz e grata por ainda poder ir abra\u00e7\u00e1-lo\u2019, diz filha de Bruce Willis<\/a>&nbsp;&nbsp;Jovem Pan<\/li>\n<li><a href=\"https:\/\/news.google.com\/rss\/articles\/CBMiyAFBVV95cUxPQXRreGxRSTBWOXJXU0N1TlhMRVFqb3ByTXVvaW9QSm50WmNjLXgyTzhVeTRkSl8zaDRuUG83Y2VSTmdSeVd0VEpRcVMzNzNPYzVIYUNtbDhxVktvUFFzNk14b1FCUlZoM0pjdlduQnlRN0JJSE0tbHN3bWtCb00wczNPdEtaU0lmR3VoeVJ6c2tQVmRySmRKQVptczhwXzFzZGkzaTZlaHBfd3FjVFN6OWo2TmN6dUFReXY4UVoteXZrQ0t4MjJqbQ?oc=5\" target=\"_blank\" rel=\"nofollow noopener\">Filha de Bruce Willis diz porque \u00e9 dif\u00edcil explicar quadro do pai<\/a>&nbsp;&nbsp;O TEMPO<\/li>\n<li><a href=\"https:\/\/news.google.com\/rss\/articles\/CBMiogFBVV95cUxQRXRlRWxJOXJENDhXNm5VMDZvUzBrUGlidUg0dlB1dURIV0d0S3g0VUx5Sml4bE8yMWVWU2d5YkxOQU9MZkREcmFxOVliNHBFb3BvVE1Gc3d0WUgwY1RNODVWTmNpQTY1UTRubnROTV81eDVMbGxkZ0tZZ2ZBRjJsLUNDQW1NVWRzTV9XT0tUVGh3cDVFdDJEZGpMZG9iSzVWUkE?oc=5\" target=\"_blank\" rel=\"nofollow noopener\">Estado de sa\u00fade do ator Bruce Willis \u00e9 atualizado<\/a>&nbsp;&nbsp;O Antagonista<\/li>\n<li><a href=\"https:\/\/news.google.com\/rss\/articles\/CBMimwJBVV95cUxPOG1QbHRfVTBWeFdXQ2NuNURuM3MzNk9MTFBNa056RUxJbHM0MWp5LU9jcXRPN1NrWHZmbmlwQkxuRGlmUU9SaEZfSHhsNFpENDZlTzBHanp3ZWxFcHd0VVdvMXdQdi16MzN1M210OTNyRzBPREdMX1prMnRTNDJDZVVEeXNJZEk4SC1YWHpLSXNGUzc3cVZlZUtRQlh4UTE2NzZUZkp3YWVVb0JhQllNc01WRlhNMlpwMk9FWm94M19aemdSVnMyLWVUbXVLNnF5c1U0R05JaG43TUdRWjdzbWVkUmlaTnlUd1FpcGd4TGJ3RDRVbnR5X0dWZlljNG1SUzFzZHVRaG45T0RyQUFxXy1PUWhTYnQ4blNj0gGqAkFVX3lxTE85OHdxeDdpOFItREhoWDcwZjRQTi13c1pHN1NmTFpGY0RxQm0zWi0ycDRrRmZTWWlxbXYyWElDRVhZd3gyR3U0Z2dPSWRGNE5IekkteHdhSVVpNGxVSEprS1VudVVHV3ZsWHdzaUE4d0plRlVKa1F1Ujl4cVd4dnphR2lMVXpnMDNrN2RsNWE1dnhTSW1MbUJSOWJHeENBYlQtVmh6UEpqdEFtdnVSSGRjd2ZyYUUyZzBLa1pPNXRXc0s3TG5ReUNGeU1IcDZSWEYtUUp4Ym5uekZMclF1YjVjQWFvVFlRNzN6RUEwYU1SQy1ISVo0cjRscEtWWFVDQ2tYTHRrVkt1Q0F1Q05kdWhyOXpxaTV5VmE2RDM2b0Q1dGowVElKVkF2aHc?oc=5\" target=\"_blank\" rel=\"nofollow noopener\">Rumer Willis compartilha atualiza\u00e7\u00e3o emocionante sobre o pai, Bruce Willis, em meio \u00e0 luta contra a dem\u00eancia: &#8216;Ainda vejo uma fa\u00edsca dele&#8217;<\/a>&nbsp;&nbsp;O Globo<\/li>\n<\/ol>\n","protected":false},"excerpt":{"rendered":"Filha de Bruce Willis atualiza estado de sa\u00fade do ator&nbsp;&nbsp;SAPO \u2018Fico muito feliz e grata por ainda poder&hellip;\n","protected":false},"author":2,"featured_media":161252,"comment_status":"","ping_status":"","sticky":false,"template":"","format":"standard","meta":{"footnotes":""},"categories":[145],"tags":[211,210,114,115,32,33],"class_list":{"0":"post-166613","1":"post","2":"type-post","3":"status-publish","4":"format-standard","5":"has-post-thumbnail","7":"category-celebridades","8":"tag-celebridades","9":"tag-celebrities","10":"tag-entertainment","11":"tag-entretenimento","12":"tag-portugal","13":"tag-pt"},"share_on_mastodon":{"url":"https:\/\/pubeurope.com\/@pt\/115619557753283792","error":""},"_links":{"self":[{"href":"https:\/\/www.europesays.com\/pt\/wp-json\/wp\/v2\/posts\/166613","targetHints":{"allow":["GET"]}}],"collection":[{"href":"https:\/\/www.europesays.com\/pt\/wp-json\/wp\/v2\/posts"}],"about":[{"href":"https:\/\/www.europesays.com\/pt\/wp-json\/wp\/v2\/types\/post"}],"author":[{"embeddable":true,"href":"https:\/\/www.europesays.com\/pt\/wp-json\/wp\/v2\/users\/2"}],"replies":[{"embeddable":true,"href":"https:\/\/www.europesays.com\/pt\/wp-json\/wp\/v2\/comments?post=166613"}],"version-history":[{"count":0,"href":"https:\/\/www.europesays.com\/pt\/wp-json\/wp\/v2\/posts\/166613\/revisions"}],"wp:featuredmedia":[{"embeddable":true,"href":"https:\/\/www.europesays.com\/pt\/wp-json\/wp\/v2\/media\/161252"}],"wp:attachment":[{"href":"https:\/\/www.europesays.com\/pt\/wp-json\/wp\/v2\/media?parent=166613"}],"wp:term":[{"taxonomy":"category","embeddable":true,"href":"https:\/\/www.europesays.com\/pt\/wp-json\/wp\/v2\/categories?post=166613"},{"taxonomy":"post_tag","embeddable":true,"href":"https:\/\/www.europesays.com\/pt\/wp-json\/wp\/v2\/tags?post=166613"}],"curies":[{"name":"wp","href":"https:\/\/api.w.org\/{rel}","templated":true}]}}