{"id":166614,"date":"2025-11-27T03:35:12","date_gmt":"2025-11-27T03:35:12","guid":{"rendered":"https:\/\/www.europesays.com\/pt\/166614\/"},"modified":"2025-11-27T03:35:12","modified_gmt":"2025-11-27T03:35:12","slug":"em-choque-total-pedro-desvenda-segredo-de-bruna-e-a-casa-fica-lavada-em-lagrimas-tvi","status":"publish","type":"post","link":"https:\/\/www.europesays.com\/pt\/166614\/","title":{"rendered":"Em choque total! Pedro desvenda segredo de Bruna e a casa fica lavada em l\u00e1grimas &#8211; TVI"},"content":{"rendered":"<ol>\n<li><a href=\"https:\/\/news.google.com\/rss\/articles\/CBMi2wFBVV95cUxNcThXOUkxQy11V1ZGd0ZKcEpyc2RJTWphZG9XbGpvakVlcU5FYzF5R0lxNV9RRkRlZHBfQUVrTC1zaHk1TW5ZYnl1dGRtdE5UQmtkZzBEMldGTV9kNFhxWl8xaWtDUzhHdXEtQUJpaHFUOENRSW1jQk16dVdYTGU5bUhyakhsSWpjMV9fRTZFRHNSeEhGXzR5SlRfZUhkZHM0ZktuaWoyREVVQzhFWjR0SVduTEdvM1BXOGllM29DUGlkQ0d3OFhTbnlsUHA1dmZicHNZTGdyWXF6dGc?oc=5\" target=\"_blank\" rel=\"nofollow noopener\">Em choque total! Pedro desvenda segredo de Bruna e a casa fica lavada em l\u00e1grimas<\/a>&nbsp;&nbsp;TVI<\/li>\n<li><a href=\"https:\/\/news.google.com\/rss\/articles\/CBMiqAFBVV95cUxOSklxU3JFOFJpdkpWMVhaSTc0ODhNMV9sNjhKUUJEendqRVRpcEZGMWFvSmYzcVgtbnFqNjY5YXduLUFPNmo1Y0hNUkIxTDVJRmNvbHM5M1RoX2gtWG5tWlNRS2s3eXVwQklTTDZTYk1kMVFwYXZncUxWdnRnVkVRN1FRQzN6SzhIeWNjTjk4RmpCekhVdFVrblZoNzNtbUthVEZEbG1CODY?oc=5\" target=\"_blank\" rel=\"nofollow noopener\">&#8220;Que chatice, est\u00e1 sempre a implicar&#8221;: In\u00eas Morais critica Marisa ap\u00f3s &#8220;ataque&#8221; de ci\u00fames<\/a>&nbsp;&nbsp;Hiper Fm<\/li>\n<li><a href=\"https:\/\/news.google.com\/rss\/articles\/CBMiqwFBVV95cUxPZUFTcm9QUlZjZmtqcndTbnFTb2o1MDV0ako4c2hJQ3hyNUNwU1FWb181WGc4dkhnNEN5bVllLXdWRC1zZmdsWHhKRlBtMlZlWXJTdERfSk52U3dTX0dhNm9iMDRGbnkxVXhrU1lUanhnampiczZsXzd0cmp3SU41bmxDSzJncXh1Y0VJcVlhYVQwMGtCWUFvNk1WeWl1c2U4YzZkNXN3c0RYMUE?oc=5\" target=\"_blank\" rel=\"nofollow noopener\">In\u00eas preocupada com Dylan: \u00abO que tiver de ser&#8230;\u00bb<\/a>&nbsp;&nbsp;TVI<\/li>\n<li><a href=\"https:\/\/news.google.com\/rss\/articles\/CBMitAFBVV95cUxNOVlGQ3hwSzNUVng1NUdYWkRLQmRaMnVwbEN5NzVkOWNQRjRSemJpZjlOVnBuTmxaYmJQSlBFUklDVHpXbXUyQUcxa3d0QU8xMTk5X2xSdDAxVnQ5SUhxYzg5NVhTTWQ0eHVwLWVObC1uRzB3ek9hYlliUVFmLVZKLUxONmRKU21RYzJsbG81Y1dEdV9MZ0FaRW10Z09YTXowaDhES3N5S1FqY1VvOGItS2FoYXo?oc=5\" target=\"_blank\" rel=\"nofollow noopener\">&#8220;H\u00e1 um momento em que a tua rela\u00e7\u00e3o com o Pedro \u00e9 mais do que amizade&#8221;<\/a>&nbsp;&nbsp;Not\u00edcias ao Minuto<\/li>\n<li><a href=\"https:\/\/news.google.com\/rss\/articles\/CBMinwFBVV95cUxPUnkwdW1GV0REcjF4VXF3MjZwbTlGN241ZHRQVFA0VlhrdVpJMlpvZ2lBcHBsMTduaDBCVEl0ZHFQTTNsRlB3RlVXLUJ1VDZRSXNFdTlDU19rV3Y3R1JVZ29GRS1FLTdzcUF0aFM0SWtvd3pybXJEWmxKQ2VtenllYXlTclVNN0JDeVVnWU9ocVJnSll3enpuVXFNcmw2V2c?oc=5\" target=\"_blank\" rel=\"nofollow noopener\">Casa dos Segredos. Pedro Jorge e Marisa: &#8220;Eles s\u00e3o o bucha estica das rela\u00e7\u00f5es&#8221;<\/a>&nbsp;&nbsp;Dioguinho<\/li>\n<\/ol>\n","protected":false},"excerpt":{"rendered":"Em choque total! Pedro desvenda segredo de Bruna e a casa fica lavada em l\u00e1grimas&nbsp;&nbsp;TVI &#8220;Que chatice, est\u00e1&hellip;\n","protected":false},"author":2,"featured_media":166615,"comment_status":"","ping_status":"","sticky":false,"template":"","format":"standard","meta":{"footnotes":""},"categories":[142],"tags":[1997,114,115,18800,14646,32,33,151,162,18801],"class_list":{"0":"post-166614","1":"post","2":"type-post","3":"status-publish","4":"format-standard","5":"has-post-thumbnail","7":"category-tv","8":"tag-bruna","9":"tag-entertainment","10":"tag-entretenimento","11":"tag-momentos-virais-secret-story","12":"tag-pedro","13":"tag-portugal","14":"tag-pt","15":"tag-tv","16":"tag-tvi","17":"tag-videos-virais-concorrentes"},"share_on_mastodon":{"url":"https:\/\/pubeurope.com\/@pt\/115619569536384862","error":""},"_links":{"self":[{"href":"https:\/\/www.europesays.com\/pt\/wp-json\/wp\/v2\/posts\/166614","targetHints":{"allow":["GET"]}}],"collection":[{"href":"https:\/\/www.europesays.com\/pt\/wp-json\/wp\/v2\/posts"}],"about":[{"href":"https:\/\/www.europesays.com\/pt\/wp-json\/wp\/v2\/types\/post"}],"author":[{"embeddable":true,"href":"https:\/\/www.europesays.com\/pt\/wp-json\/wp\/v2\/users\/2"}],"replies":[{"embeddable":true,"href":"https:\/\/www.europesays.com\/pt\/wp-json\/wp\/v2\/comments?post=166614"}],"version-history":[{"count":0,"href":"https:\/\/www.europesays.com\/pt\/wp-json\/wp\/v2\/posts\/166614\/revisions"}],"wp:featuredmedia":[{"embeddable":true,"href":"https:\/\/www.europesays.com\/pt\/wp-json\/wp\/v2\/media\/166615"}],"wp:attachment":[{"href":"https:\/\/www.europesays.com\/pt\/wp-json\/wp\/v2\/media?parent=166614"}],"wp:term":[{"taxonomy":"category","embeddable":true,"href":"https:\/\/www.europesays.com\/pt\/wp-json\/wp\/v2\/categories?post=166614"},{"taxonomy":"post_tag","embeddable":true,"href":"https:\/\/www.europesays.com\/pt\/wp-json\/wp\/v2\/tags?post=166614"}],"curies":[{"name":"wp","href":"https:\/\/api.w.org\/{rel}","templated":true}]}}