{"id":166618,"date":"2025-11-27T03:46:13","date_gmt":"2025-11-27T03:46:13","guid":{"rendered":"https:\/\/www.europesays.com\/pt\/166618\/"},"modified":"2025-11-27T03:46:13","modified_gmt":"2025-11-27T03:46:13","slug":"esposa-de-leandro-lima-e-internada-na-uti-assustador","status":"publish","type":"post","link":"https:\/\/www.europesays.com\/pt\/166618\/","title":{"rendered":"Esposa de Leandro Lima \u00e9 internada na UTI: \u2018Assustador&#8217;"},"content":{"rendered":"<p>Esposa do ator <a href=\"https:\/\/caras.com.br\/tags\/leandro-lima\" rel=\"nofollow noopener\" target=\"_blank\"><strong>Leandro Lima<\/strong><\/a>, a modelo <strong>Flavia Lucini<\/strong> foi internada na UTI (Unidade de Terapia Intensiva) de um hospital na segunda-feira, 24, e recebeu alta nesta quarta-feira, 26. Por meio das redes sociais, ela explicou o que sentiu e qual foi o diagn\u00f3stico que a deixou sob cuidados m\u00e9dicos.<\/p>\n<p>Fl\u00e1via revelou que come\u00e7ou a passar mal no dia seguinte ao show de <strong>Dua Lipa<\/strong>. Ela teve dor nas costas ao ter tosse seca e tamb\u00e9m febre alta. Com isso, ela decidiu procurar o hospital e ficou internada. Ela foi diagnosticada com septicemia, que \u00e9 uma resposta inflamat\u00f3ria do corpo a um quadro infeccioso.<\/p>\n<p>Apesar do susto, ela est\u00e1 bem e seu quadro de sa\u00fade j\u00e1 foi estabilizado. Tanto que ela j\u00e1 est\u00e1 em casa. \u201cAgora que est\u00e1 tudo bem, eu vou contar para voc\u00eas que vim pela primeira vez para a UTI. Depois do show da Dua Lipa, no dia seguinte, eu passei um pouco mal, comecei a ter dor no corpo e j\u00e1 estava com uma tosse seca h\u00e1 uma semana. Toda vez que eu tossia, do\u00eda muito as minhas costas. Eu viajei para S\u00e3o Paulo e tive febre de madrugada. Na segunda-feira pela manh\u00e3, eu preferi vir ao hospital. Chegando aqui, fizeram uns exames e me internaram na UTI. Foi meio assustador porque eu nunca tinha ficado em uma UTI na vida. Na real, eu nunca tinha ficado internada. O Dr. Ivan vai explica exatamente o que eu tive\u201d, disse ela.<\/p>\n<p>Ent\u00e3o, o m\u00e9dico dela comentou: \u201cA nossa paciente teve uma coisa bastante s\u00e9ria, que foi uma febre bastante alta, com tremores, e isso caracteriza um quadro que a gente chama de septicemia. Precisa de interven\u00e7\u00e3o r\u00e1pida, que \u00e9 o que foi feito, interna\u00e7\u00e3o e hidrata\u00e7\u00e3o para resolver a condi\u00e7\u00e3o que ela tinha. Est\u00e1 tudo bem e os exames est\u00e3o melhorando. Ela est\u00e1 em condi\u00e7\u00e3o de alta\u201d.<\/p>\n<p>Voc\u00ea sabia? Leandro Lima tamb\u00e9m foi parar no hospital recentemente<\/p>\n<p>No in\u00edcio do m\u00eas de novembro, o ator Leandro Lima levou um susto com sua sa\u00fade e precisou ir ao hospital. Isso porque ele ingeriu gasolina sem querer. <a href=\"https:\/\/caras.com.br\/atualidades\/leandro-lima-e-hospitalizado-apos-ingerir-gasolina-entenda-o-que-aconteceu.phtml\" rel=\"nofollow noopener\" target=\"_blank\">Ele sentiu falta de ar e ficou em observa\u00e7\u00e3o por algumas horas no centro m\u00e9dico<\/a>.<\/p>\n<p>Lima contou que estava tentando tirar a gasolina de uma moto para colocar em um carro com o uso de uma mangueira. No entanto, ao usar seu f\u00f4lego para puxar a gasolina do tanque, ele acabou ingerindo a subst\u00e2ncia e ficou com falta de ar.<\/p>\n<p>\u201cEu j\u00e1 tinha feito isso muitas vezes, que \u00e9 tirar gasolina de um tanque para outro, e tudo bem, nada aconteceu. Dessa vez, eu estava mexendo nos carros l\u00e1 em casa e vi que o Fusca estava sem gasolina. Fui tirar gasolina da moto para colocar no Fusca com a mangueira mais grossa e eu puxei e n\u00e3o veio. S\u00f3 que eu baixei a mangueira, quem j\u00e1 fez isso sabe, e j\u00e1 ficou ali no meio do caminho. Eu dei uma puxada grande na mangueira e eu acabei ingerindo e engasgando com a gasolina. E ficou feio. Me deu uma falta de ar, deve ter sido uma alergia a isso. Vim no hospital e preferiram me deixar em observa\u00e7\u00e3o para que n\u00e3o tenha entrado gasolina no meu pulm\u00e3o, por exemplo\u201d, afirmou ele.<\/p>\n<p>Apesar do susto, Leandro n\u00e3o teve nenhum outro sintoma e ficou em observa\u00e7\u00e3o no hospital para ter a certeza de que nada demais tinha acontecido. \u201cObrigado pela preocupa\u00e7\u00e3o de voc\u00eas. Nada demais. N\u00e3o bebam gasolina. Estou tomando um soro, esperando o resultado do exame e bora para casa. S\u00f3 estou com fome. Ningu\u00e9m deixa eu beber nada e nem comer nada. E um bafo de gasolina desgra\u00e7ado\u2026 [risos]\u201d, afirmou.<\/p>\n<p><strong>Leia tamb\u00e9m:<\/strong> <a href=\"https:\/\/caras.com.br\/atualidades\/fiquei-atonito-desabafa-leandro-lima-apos-recuperar-carro-furtado.phtml\" rel=\"nofollow noopener\" target=\"_blank\">\u2018Fiquei at\u00f4nito\u2019, desabafa Leandro Lima ap\u00f3s recuperar carro furtado<\/a><\/p>\n<p>        <a href=\"https:\/\/caras.com.br\/autor\/priscilla-comoti\" rel=\"nofollow noopener\" target=\"_blank\">&#13;<br \/>\n          <img loading=\"lazy\" alt=\"Priscilla Comoti\" src=\"https:\/\/www.europesays.com\/pt\/wp-content\/uploads\/2025\/11\/1764215173_176_e53883bdf02c542f6517b68879e8cb08b27a1d55c4dfd53577e47d3ab6331a06\"  class=\"avatar avatar-115 photo rounded-circle mr-3\" height=\"115\" width=\"115\" decoding=\"async\"\/>        <\/a><\/p>\n<p>Priscilla Comoti \u00e9 editora de conte\u00fado do site CARAS. Ela \u00e9 formada em jornalismo e em audiovisual, j\u00e1 passou pelos sites Contigo!, Minha Novela, TiTiTi, Mais Novela e Portal M\u00e1rcia Piovesan. Escreve sobre celebridades, not\u00edcias sobre a fam\u00edlia real brit\u00e2nica, TV, reality show e novelas.<\/p>\n<ul class=\"terms-list post_tag list-inline\">\n<li class=\"esposa-de-leandro-lima list-inline-item\">\n\t\t\t\t\t<a href=\"https:\/\/caras.com.br\/tags\/esposa-de-leandro-lima\" class=\"item-category\" rel=\"nofollow noopener\" target=\"_blank\">esposa de Leandro Lima<\/a>\n\t\t\t\t<\/li>\n<li class=\"flavia-lucini list-inline-item\">\n\t\t\t\t\t<a href=\"https:\/\/caras.com.br\/tags\/flavia-lucini\" class=\"item-category\" rel=\"nofollow noopener\" target=\"_blank\">Flavia Lucini<\/a>\n\t\t\t\t<\/li>\n<\/ul>\n","protected":false},"excerpt":{"rendered":"Esposa do ator Leandro Lima, a modelo Flavia Lucini foi internada na UTI (Unidade de Terapia Intensiva) de&hellip;\n","protected":false},"author":2,"featured_media":166619,"comment_status":"","ping_status":"","sticky":false,"template":"","format":"standard","meta":{"footnotes":""},"categories":[145],"tags":[211,210,114,115,35124,35125,32,33],"class_list":{"0":"post-166618","1":"post","2":"type-post","3":"status-publish","4":"format-standard","5":"has-post-thumbnail","7":"category-celebridades","8":"tag-celebridades","9":"tag-celebrities","10":"tag-entertainment","11":"tag-entretenimento","12":"tag-esposa-de-leandro-lima","13":"tag-flavia-lucini","14":"tag-portugal","15":"tag-pt"},"share_on_mastodon":{"url":"https:\/\/pubeurope.com\/@pt\/115619613097556246","error":""},"_links":{"self":[{"href":"https:\/\/www.europesays.com\/pt\/wp-json\/wp\/v2\/posts\/166618","targetHints":{"allow":["GET"]}}],"collection":[{"href":"https:\/\/www.europesays.com\/pt\/wp-json\/wp\/v2\/posts"}],"about":[{"href":"https:\/\/www.europesays.com\/pt\/wp-json\/wp\/v2\/types\/post"}],"author":[{"embeddable":true,"href":"https:\/\/www.europesays.com\/pt\/wp-json\/wp\/v2\/users\/2"}],"replies":[{"embeddable":true,"href":"https:\/\/www.europesays.com\/pt\/wp-json\/wp\/v2\/comments?post=166618"}],"version-history":[{"count":0,"href":"https:\/\/www.europesays.com\/pt\/wp-json\/wp\/v2\/posts\/166618\/revisions"}],"wp:featuredmedia":[{"embeddable":true,"href":"https:\/\/www.europesays.com\/pt\/wp-json\/wp\/v2\/media\/166619"}],"wp:attachment":[{"href":"https:\/\/www.europesays.com\/pt\/wp-json\/wp\/v2\/media?parent=166618"}],"wp:term":[{"taxonomy":"category","embeddable":true,"href":"https:\/\/www.europesays.com\/pt\/wp-json\/wp\/v2\/categories?post=166618"},{"taxonomy":"post_tag","embeddable":true,"href":"https:\/\/www.europesays.com\/pt\/wp-json\/wp\/v2\/tags?post=166618"}],"curies":[{"name":"wp","href":"https:\/\/api.w.org\/{rel}","templated":true}]}}