{"id":166620,"date":"2025-11-27T03:49:15","date_gmt":"2025-11-27T03:49:15","guid":{"rendered":"https:\/\/www.europesays.com\/pt\/166620\/"},"modified":"2025-11-27T03:49:15","modified_gmt":"2025-11-27T03:49:15","slug":"a-protegida-oscar-percebe-que-goncalo-esta-a-esconder-um-segredo-novelas","status":"publish","type":"post","link":"https:\/\/www.europesays.com\/pt\/166620\/","title":{"rendered":"A Protegida: \u00d3scar percebe que Gon\u00e7alo est\u00e1 a esconder um segredo &#8211; Novelas"},"content":{"rendered":"<p>Em \u00abA Protegida\u00bb, \u00d3scar (Joaquim Horta) pergunta a Gon\u00e7alo (Jo\u00e3o Bettencourt) se tem not\u00edcias de M\u00f3nica (Catarina Nifo). Ele conta-lhe que ela anda pelo pa\u00eds, mas consegue manter o neg\u00f3cio de produtos de beleza online. \u00d3scar pergunta se ela conseguiu saber algo sobre a fam\u00edlia biol\u00f3gica, mas Gon\u00e7alo diz que desistiu. \u00d3scar pergunta por JD (Pedro Sousa), mas Gon\u00e7alo n\u00e3o sabe nada dele. Gon\u00e7alo instala-se no seu quarto, mas \u00d3scar percebe que ele n\u00e3o est\u00e1 feliz e pergunta-lhe o que se passa. Gon\u00e7alo recorda a noite em que se envolveu com Gina e fica perturbado. Diz que se passa tudo e n\u00e3o se passa nada, deixando \u00d3scar preocupado.\u00a0<b>FLASHBACK IN\u00c9DITO:<\/b>\u00a0Gina (Paula Neves) est\u00e1 sentada num dos sof\u00e1s e Gon\u00e7alo estende-lhe a m\u00e3o. Gina nega, mas Gon\u00e7alo agarra-a e puxa-a, divertido. Gina trope\u00e7a e Gon\u00e7alo ampara-a, pondo-lhe as m\u00e3os \u00e0 volta da cintura. Os dois olham-se s\u00e9rios por um momento, antes de se voltarem a rir, desinibidos.<\/p>\n","protected":false},"excerpt":{"rendered":"Em \u00abA Protegida\u00bb, \u00d3scar (Joaquim Horta) pergunta a Gon\u00e7alo (Jo\u00e3o Bettencourt) se tem not\u00edcias de M\u00f3nica (Catarina Nifo).&hellip;\n","protected":false},"author":2,"featured_media":166621,"comment_status":"","ping_status":"","sticky":false,"template":"","format":"standard","meta":{"footnotes":""},"categories":[142],"tags":[168,160,166,114,115,157,167,164,2931,161,158,165,159,32,33,156,163,151,162],"class_list":{"0":"post-166620","1":"post","2":"type-post","3":"status-publish","4":"format-standard","5":"has-post-thumbnail","7":"category-tv","8":"tag-a-protegida","9":"tag-ana-guiomar","10":"tag-cristina-ferreira","11":"tag-entertainment","12":"tag-entretenimento","13":"tag-festa-e-festa","14":"tag-ficcao","15":"tag-jose-fidalgo","16":"tag-novela","17":"tag-novelas","18":"tag-para-sempre","19":"tag-pedro-sousa","20":"tag-pedro-teixeira","21":"tag-portugal","22":"tag-pt","23":"tag-queridos-papas","24":"tag-tiago-teotonio-pereira","25":"tag-tv","26":"tag-tvi"},"share_on_mastodon":{"url":"https:\/\/pubeurope.com\/@pt\/115619625031598513","error":""},"_links":{"self":[{"href":"https:\/\/www.europesays.com\/pt\/wp-json\/wp\/v2\/posts\/166620","targetHints":{"allow":["GET"]}}],"collection":[{"href":"https:\/\/www.europesays.com\/pt\/wp-json\/wp\/v2\/posts"}],"about":[{"href":"https:\/\/www.europesays.com\/pt\/wp-json\/wp\/v2\/types\/post"}],"author":[{"embeddable":true,"href":"https:\/\/www.europesays.com\/pt\/wp-json\/wp\/v2\/users\/2"}],"replies":[{"embeddable":true,"href":"https:\/\/www.europesays.com\/pt\/wp-json\/wp\/v2\/comments?post=166620"}],"version-history":[{"count":0,"href":"https:\/\/www.europesays.com\/pt\/wp-json\/wp\/v2\/posts\/166620\/revisions"}],"wp:featuredmedia":[{"embeddable":true,"href":"https:\/\/www.europesays.com\/pt\/wp-json\/wp\/v2\/media\/166621"}],"wp:attachment":[{"href":"https:\/\/www.europesays.com\/pt\/wp-json\/wp\/v2\/media?parent=166620"}],"wp:term":[{"taxonomy":"category","embeddable":true,"href":"https:\/\/www.europesays.com\/pt\/wp-json\/wp\/v2\/categories?post=166620"},{"taxonomy":"post_tag","embeddable":true,"href":"https:\/\/www.europesays.com\/pt\/wp-json\/wp\/v2\/tags?post=166620"}],"curies":[{"name":"wp","href":"https:\/\/api.w.org\/{rel}","templated":true}]}}