{"id":166626,"date":"2025-11-27T04:03:12","date_gmt":"2025-11-27T04:03:12","guid":{"rendered":"https:\/\/www.europesays.com\/pt\/166626\/"},"modified":"2025-11-27T04:03:12","modified_gmt":"2025-11-27T04:03:12","slug":"marcia-soares-ja-e-oficialmente-madrinha-as-fotos-da-bebe-que-estao-a-encantar-os-fas-secret-story","status":"publish","type":"post","link":"https:\/\/www.europesays.com\/pt\/166626\/","title":{"rendered":"Marcia Soares j\u00e1 \u00e9 oficialmente madrinha! As fotos da beb\u00e9 que est\u00e3o a encantar os f\u00e3s &#8211; Secret Story"},"content":{"rendered":"<p>\n                    Marcia Soares vive um dos momentos mais especiais da sua vida e partilhou com os f\u00e3s registos que est\u00e3o a encantar a Internet.\n                <\/p>\n<p><strong>Marcia Soares j\u00e1 \u00e9 oficialmente madrinha!<\/strong> Nasceu a pequena Maria do Mar, afilhada da<a href=\"https:\/\/tvi.iol.pt\/secretstory\/marcia-soares\/15-11-2025\/todos-querem-saber-quem-e-o-sortudo-que-vai-receber-prenda-intima-de-marcia-soares-ela-responde\" rel=\"nofollow noopener\" target=\"_blank\"> <strong>comentadora do Secret Story 9<\/strong>,<\/a> que n\u00e3o hesitou em mostrar aos f\u00e3s as fotos dos primeiros momentos com a beb\u00e9.\u00a0<\/p>\n<p>Nas fotografias, divulgadas no Instagram, <a href=\"https:\/\/tvi.iol.pt\/secretstory\/videos\/marcia-soares-faz-revelacao-sobre-homem-misterioso-o-que-ninguem-sabe-ninguem-estraga\/691850ad0cf229bd2f8d477d\" rel=\"nofollow noopener\" target=\"_blank\">Marcia Soares<\/a> surge com a menina ao colo, ainda na maternidade.<\/p>\n<p>\u00ab<strong>MARIA DO MAR \ud83c\udf80 N\u00e3o consigo explicar a felicidade<\/strong> e a serenidade que senti ao conhecer-te hoje. T\u00e3o fr\u00e1gil, t\u00e3o simp\u00e1tica, t\u00e3o pequenina\u00bb, come\u00e7ou por escrever.<\/p>\n<p>\u00abOlhava para ti e s\u00f3 desejava que o mundo fosse um lugar mais bonito para te receber. <strong>E, no que depender de mim (sim, sou tua madrinha), vou fazer tudo o que puder para tornar o teu mundo um lugar bonito e seguro<\/strong>\u00bb, <a href=\"https:\/\/tvi.iol.pt\/secretstory\/marcia-soares\/beijos\/a-culpa-e-de-ines-e-dylan-marcia-soares-expoe-segredo-intimo-apos-beijo-polemico-no-secret-story\" rel=\"nofollow noopener\" target=\"_blank\">acrescentou Marcia.<\/a><\/p>\n<p><strong>Percorra a nossa galeria e veja as imagens amorosas<\/strong><\/p>\n<blockquote class=\"instagram-media\" data-instgrm-captioned=\"\" data-instgrm-permalink=\"https:\/\/www.instagram.com\/p\/DRh7-YpjFj6\/?utm_source=ig_embed&amp;utm_campaign=loading\" data-instgrm-version=\"14\" style=\" background:#FFF; border:0; border-radius:3px; box-shadow:0 0 1px 0 rgba(0,0,0,0.5),0 1px 10px 0 rgba(0,0,0,0.15); margin: 1px; max-width:540px; min-width:326px; padding:0; width:99.375%; width:-webkit-calc(100% - 2px); width:calc(100% - 2px);\">\n<\/blockquote>\n<p>                    <script async src=\"\/\/www.instagram.com\/embed.js\"><\/script><\/p>\n","protected":false},"excerpt":{"rendered":"Marcia Soares vive um dos momentos mais especiais da sua vida e partilhou com os f\u00e3s registos que&hellip;\n","protected":false},"author":2,"featured_media":166627,"comment_status":"","ping_status":"","sticky":false,"template":"","format":"standard","meta":{"footnotes":""},"categories":[142],"tags":[18706,114,115,18705,19251,2038,32,33,151,18704],"class_list":{"0":"post-166626","1":"post","2":"type-post","3":"status-publish","4":"format-standard","5":"has-post-thumbnail","7":"category-tv","8":"tag-bastidores-secret-story","9":"tag-entertainment","10":"tag-entretenimento","11":"tag-entrevistas-concorrentes-tvi","12":"tag-madrinha","13":"tag-marcia-soares","14":"tag-portugal","15":"tag-pt","16":"tag-tv","17":"tag-vida-fora-da-casa"},"share_on_mastodon":{"url":"https:\/\/pubeurope.com\/@pt\/115619680010184936","error":""},"_links":{"self":[{"href":"https:\/\/www.europesays.com\/pt\/wp-json\/wp\/v2\/posts\/166626","targetHints":{"allow":["GET"]}}],"collection":[{"href":"https:\/\/www.europesays.com\/pt\/wp-json\/wp\/v2\/posts"}],"about":[{"href":"https:\/\/www.europesays.com\/pt\/wp-json\/wp\/v2\/types\/post"}],"author":[{"embeddable":true,"href":"https:\/\/www.europesays.com\/pt\/wp-json\/wp\/v2\/users\/2"}],"replies":[{"embeddable":true,"href":"https:\/\/www.europesays.com\/pt\/wp-json\/wp\/v2\/comments?post=166626"}],"version-history":[{"count":0,"href":"https:\/\/www.europesays.com\/pt\/wp-json\/wp\/v2\/posts\/166626\/revisions"}],"wp:featuredmedia":[{"embeddable":true,"href":"https:\/\/www.europesays.com\/pt\/wp-json\/wp\/v2\/media\/166627"}],"wp:attachment":[{"href":"https:\/\/www.europesays.com\/pt\/wp-json\/wp\/v2\/media?parent=166626"}],"wp:term":[{"taxonomy":"category","embeddable":true,"href":"https:\/\/www.europesays.com\/pt\/wp-json\/wp\/v2\/categories?post=166626"},{"taxonomy":"post_tag","embeddable":true,"href":"https:\/\/www.europesays.com\/pt\/wp-json\/wp\/v2\/tags?post=166626"}],"curies":[{"name":"wp","href":"https:\/\/api.w.org\/{rel}","templated":true}]}}