{"id":166637,"date":"2025-11-27T04:44:16","date_gmt":"2025-11-27T04:44:16","guid":{"rendered":"https:\/\/www.europesays.com\/pt\/166637\/"},"modified":"2025-11-27T04:44:16","modified_gmt":"2025-11-27T04:44:16","slug":"fernanda-lima-e-rodrigo-hilbert-curtem-parque-aquatico-com-os-filhos-altura-dos-gemeos-chama-atencao","status":"publish","type":"post","link":"https:\/\/www.europesays.com\/pt\/166637\/","title":{"rendered":"Fernanda Lima e Rodrigo Hilbert curtem parque aqu\u00e1tico com os filhos; altura dos g\u00eameos chama aten\u00e7\u00e3o"},"content":{"rendered":"<p>Fernanda Lima e Rodrigo Hilbert aproveitaram um dia no Beach Park, em Aquiraz (CE), ao lado dos filhos Jo\u00e3o e Francisco, de 17 anos, e da ca\u00e7ula Maria Manoela, de 6. A fam\u00edlia, que j\u00e1 havia visitado o parque anteriormente, chamou aten\u00e7\u00e3o pela altura dos g\u00eameos, que j\u00e1 chegaram aos <strong>1,80m<\/strong>.<\/p>\n<p>Fernanda comentou a mudan\u00e7a dos filhos com bom humor: \u201cAntes, eles tinham 1,20 e se achavam super-radicais. Agora, est\u00e3o com 1,80 e priorizaram o Insano. Voltar com a fam\u00edlia, com os meninos maiores e com a Maria \u2014 que da \u00faltima vez ainda n\u00e3o tinha nascido \u2014 foi especial. Deu para ver que temos, tamb\u00e9m, uma menina aventureira\u201d, disse.<\/p>\n<p>Casados h\u00e1 22 anos, Fernanda e Hilbert seguem compartilhando momentos em fam\u00edlia. Recentemente, a apresentadora falou no Saia Justa sobre as transforma\u00e7\u00f5es em sua libido ao longo da vida, destacando fases dedicadas ao trabalho, ao casamento e \u00e0 maternidade, que, segundo ela, \u201cconsome, mas tamb\u00e9m traz enorme prazer\u201d.<\/p>\n","protected":false},"excerpt":{"rendered":"Fernanda Lima e Rodrigo Hilbert aproveitaram um dia no Beach Park, em Aquiraz (CE), ao lado dos filhos&hellip;\n","protected":false},"author":2,"featured_media":166638,"comment_status":"","ping_status":"","sticky":false,"template":"","format":"standard","meta":{"footnotes":""},"categories":[145],"tags":[211,210,114,115,32,33],"class_list":{"0":"post-166637","1":"post","2":"type-post","3":"status-publish","4":"format-standard","5":"has-post-thumbnail","7":"category-celebridades","8":"tag-celebridades","9":"tag-celebrities","10":"tag-entertainment","11":"tag-entretenimento","12":"tag-portugal","13":"tag-pt"},"share_on_mastodon":{"url":"https:\/\/pubeurope.com\/@pt\/115619840830070510","error":""},"_links":{"self":[{"href":"https:\/\/www.europesays.com\/pt\/wp-json\/wp\/v2\/posts\/166637","targetHints":{"allow":["GET"]}}],"collection":[{"href":"https:\/\/www.europesays.com\/pt\/wp-json\/wp\/v2\/posts"}],"about":[{"href":"https:\/\/www.europesays.com\/pt\/wp-json\/wp\/v2\/types\/post"}],"author":[{"embeddable":true,"href":"https:\/\/www.europesays.com\/pt\/wp-json\/wp\/v2\/users\/2"}],"replies":[{"embeddable":true,"href":"https:\/\/www.europesays.com\/pt\/wp-json\/wp\/v2\/comments?post=166637"}],"version-history":[{"count":0,"href":"https:\/\/www.europesays.com\/pt\/wp-json\/wp\/v2\/posts\/166637\/revisions"}],"wp:featuredmedia":[{"embeddable":true,"href":"https:\/\/www.europesays.com\/pt\/wp-json\/wp\/v2\/media\/166638"}],"wp:attachment":[{"href":"https:\/\/www.europesays.com\/pt\/wp-json\/wp\/v2\/media?parent=166637"}],"wp:term":[{"taxonomy":"category","embeddable":true,"href":"https:\/\/www.europesays.com\/pt\/wp-json\/wp\/v2\/categories?post=166637"},{"taxonomy":"post_tag","embeddable":true,"href":"https:\/\/www.europesays.com\/pt\/wp-json\/wp\/v2\/tags?post=166637"}],"curies":[{"name":"wp","href":"https:\/\/api.w.org\/{rel}","templated":true}]}}