{"id":166639,"date":"2025-11-27T04:47:15","date_gmt":"2025-11-27T04:47:15","guid":{"rendered":"https:\/\/www.europesays.com\/pt\/166639\/"},"modified":"2025-11-27T04:47:15","modified_gmt":"2025-11-27T04:47:15","slug":"irritadissima-vania-sa-nao-cala-revolta-e-o-motivo-afeta-milhares-de-portugueses-secret-story","status":"publish","type":"post","link":"https:\/\/www.europesays.com\/pt\/166639\/","title":{"rendered":"\u00abIrritad\u00edssima\u00bb: V\u00e2nia S\u00e1 n\u00e3o cala revolta. E o motivo afeta milhares de portugueses &#8211; Secret Story"},"content":{"rendered":"<p>V\u00e2nia S\u00e1 n\u00e3o calou a revolta esta quarta-feira por um motivo que infelizmente \u00e9 mais comum do que deveria ser: os barulhos urbanos fora de horas, que afetam milhares de portugueses e n\u00e3o s\u00f3.\u00a0<\/p>\n<p>A ex-concorrente do Secret Story mostrou-se indignada por ter sido acordada pelos funcion\u00e1rios da C\u00e2mara, que limpavam folhas na rua.\u00a0<\/p>\n<p>\u00abPorque \u00e9 que eu estou irritad\u00edssima? Gente, desde as sete da manh\u00e3\u2026 Eu tenho quase a certeza que isto \u00e9 proibido (\u2026)\u00a0\u00e0s sete da manh\u00e3 est\u00e3o uns indiv\u00edduos da C\u00e2mara a fazer barulho a limpar folhas e eu n\u00e3o percebo (\u2026). Porque \u00e9 que n\u00e3o podem fazer isso a outra hora?\u00bb, disse nos stories do Instagram.<\/p>\n<p>A jovem &#8211; que est\u00e1 \u00e0 espera da primeira filha &#8211; continuou o desabafo, visivelmente chateada com a situa\u00e7\u00e3o: \u00ab\u00c0s sete da manh\u00e3 devia ser proibido, h\u00e1 tanta gente que trabalha de noite, eu que trabalhei at\u00e9 tarde. Eu dormi quatro horas, \u00e9 a loucura. Expliquem-me\u00bb.\u00a0<\/p>\n","protected":false},"excerpt":{"rendered":"V\u00e2nia S\u00e1 n\u00e3o calou a revolta esta quarta-feira por um motivo que infelizmente \u00e9 mais comum do que&hellip;\n","protected":false},"author":2,"featured_media":95167,"comment_status":"","ping_status":"","sticky":false,"template":"","format":"standard","meta":{"footnotes":""},"categories":[142],"tags":[18706,114,115,18705,32,33,151,13319,18704],"class_list":{"0":"post-166639","1":"post","2":"type-post","3":"status-publish","4":"format-standard","5":"has-post-thumbnail","7":"category-tv","8":"tag-bastidores-secret-story","9":"tag-entertainment","10":"tag-entretenimento","11":"tag-entrevistas-concorrentes-tvi","12":"tag-portugal","13":"tag-pt","14":"tag-tv","15":"tag-vania-sa","16":"tag-vida-fora-da-casa"},"share_on_mastodon":{"url":"https:\/\/pubeurope.com\/@pt\/115619852666828068","error":""},"_links":{"self":[{"href":"https:\/\/www.europesays.com\/pt\/wp-json\/wp\/v2\/posts\/166639","targetHints":{"allow":["GET"]}}],"collection":[{"href":"https:\/\/www.europesays.com\/pt\/wp-json\/wp\/v2\/posts"}],"about":[{"href":"https:\/\/www.europesays.com\/pt\/wp-json\/wp\/v2\/types\/post"}],"author":[{"embeddable":true,"href":"https:\/\/www.europesays.com\/pt\/wp-json\/wp\/v2\/users\/2"}],"replies":[{"embeddable":true,"href":"https:\/\/www.europesays.com\/pt\/wp-json\/wp\/v2\/comments?post=166639"}],"version-history":[{"count":0,"href":"https:\/\/www.europesays.com\/pt\/wp-json\/wp\/v2\/posts\/166639\/revisions"}],"wp:featuredmedia":[{"embeddable":true,"href":"https:\/\/www.europesays.com\/pt\/wp-json\/wp\/v2\/media\/95167"}],"wp:attachment":[{"href":"https:\/\/www.europesays.com\/pt\/wp-json\/wp\/v2\/media?parent=166639"}],"wp:term":[{"taxonomy":"category","embeddable":true,"href":"https:\/\/www.europesays.com\/pt\/wp-json\/wp\/v2\/categories?post=166639"},{"taxonomy":"post_tag","embeddable":true,"href":"https:\/\/www.europesays.com\/pt\/wp-json\/wp\/v2\/tags?post=166639"}],"curies":[{"name":"wp","href":"https:\/\/api.w.org\/{rel}","templated":true}]}}