{"id":166655,"date":"2025-11-27T05:40:21","date_gmt":"2025-11-27T05:40:21","guid":{"rendered":"https:\/\/www.europesays.com\/pt\/166655\/"},"modified":"2025-11-27T05:40:21","modified_gmt":"2025-11-27T05:40:21","slug":"melhor-amigo-de-betty-grafstein-proibido-de-contactar-a-socialite-e-ha-acusacoes-graves-em-cima-da-mesa","status":"publish","type":"post","link":"https:\/\/www.europesays.com\/pt\/166655\/","title":{"rendered":"Melhor amigo de Betty Grafstein proibido de contactar a socialite \u2014 e h\u00e1 acusa\u00e7\u00f5es graves em cima da mesa"},"content":{"rendered":"<p>Melhor amigo de <a href=\"https:\/\/infocul.pt\/relacao-decide-contra-castelo-branco-divorcio-sera-julgado-em-sintra-e-advogado-garante-e-o-presente-que-betty-mais-desejava\/\" rel=\"nofollow noopener\" target=\"_blank\">Betty Grafstein<\/a> proibido de contactar a socialite \u2014 e h\u00e1 acusa\u00e7\u00f5es graves em cima da mesa no sucedido.<\/p>\n<p>Revela\u00e7\u00e3o surpreende no arranque do \u2018Tarde das Estrelas\u2019<\/p>\n<p>O programa <strong>\u2018Tarde das Estrelas\u2019<\/strong>, da CMTV, arrancou esta quarta-feira, 26 de novembro, com uma not\u00edcia explosiva sobre o c\u00edrculo mais pr\u00f3ximo de <strong>Betty Grafstein<\/strong>. \u00c1gata Rodrigues revelou que <strong>Abel Dias<\/strong>, apontado como \u201cmelhor amigo\u201d da socialite, <strong>est\u00e1 impedido de contactar com ela<\/strong>.<\/p>\n<p>Segundo a apresentadora, este afastamento representa uma mudan\u00e7a significativa na rede de apoio da norte-americana, especialmente num momento sens\u00edvel da sua vida.<\/p>\n<p>Abel Dias \u00e9 testemunha-chave no processo de viol\u00eancia dom\u00e9stica<\/p>\n<p>Durante a emiss\u00e3o, \u00c1gata Rodrigues detalhou a import\u00e2ncia de Abel Dias no processo judicial que envolve Betty Grafstein e Jos\u00e9 Castelo Branco. A apresentadora sublinhou que o fot\u00f3grafo tem um papel crucial:<br \/><strong>\u201cO conhecido fot\u00f3grafo sempre apoiou a sua amiga e \u00e9, ali\u00e1s, uma pe\u00e7a fundamental no processo de viol\u00eancia dom\u00e9stica, porque \u00e9 testemunha de defesa de Betty e garante que vai contar tudo o que sabe\u201c.<\/strong><\/p>\n<p>A impossibilidade de contacto levanta, por isso, novas quest\u00f5es sobre a gest\u00e3o da informa\u00e7\u00e3o e do acesso \u00e0 socialite.<\/p>\n<p>Acusa\u00e7\u00f5es atingem Loris Diran<\/p>\n<p>Al\u00e9m disso, \u00c1gata Rodrigues avan\u00e7ou que Abel Dias <strong>\u201caponta o dedo a Loris Diran\u201d<\/strong>, outro amigo de longa data de Betty. O designer tem visitado a socialite na casa de repouso onde reside atualmente, mas a tens\u00e3o entre ambos est\u00e1 a aumentar.<\/p>\n<p>A apresentadora acrescentou:<br \/><strong>\u201c[\u2026] outro amigo de Betty que a visita na casa de repouso onde agora reside\u201c.<\/strong><\/p>\n<p>Betty Grafstein faz 97 anos\u2026 e o clima \u00e9 cada vez mais tenso<\/p>\n<p>Por fim, \u00c1gata Rodrigues destacou a sensibilidade do momento, j\u00e1 que Betty est\u00e1 prestes a celebrar mais um anivers\u00e1rio:<br \/><strong>\u201cTudo isto ganha uma outra dimens\u00e3o numa altura em que Betty est\u00e1 prestes a completar 97 anos, \u00e9 j\u00e1 amanh\u00e3\u201c.<\/strong><\/p>\n<p><a href=\"https:\/\/news.google.com\/publications\/CAAqBwgKMKfIoAswtNK4Aw\" target=\"_blank\" rel=\"noopener noreferrer nofollow\"><img loading=\"lazy\" data-lazyloaded=\"1\" width=\"481\" height=\"161\" decoding=\"async\" src=\"\/wp-content\/uploads\/2024\/02\/GN_siganos.png\" alt=\"Siga-nos no Google News\" style=\"margin-top:20px;\"\/><\/a><\/p>\n","protected":false},"excerpt":{"rendered":"Melhor amigo de Betty Grafstein proibido de contactar a socialite \u2014 e h\u00e1 acusa\u00e7\u00f5es graves em cima da&hellip;\n","protected":false},"author":2,"featured_media":166656,"comment_status":"","ping_status":"","sticky":false,"template":"","format":"standard","meta":{"footnotes":""},"categories":[145],"tags":[35127,3298,211,210,9402,114,115,32,33],"class_list":{"0":"post-166655","1":"post","2":"type-post","3":"status-publish","4":"format-standard","5":"has-post-thumbnail","7":"category-celebridades","8":"tag-abel-dias","9":"tag-betty-grafstein","10":"tag-celebridades","11":"tag-celebrities","12":"tag-cmtv","13":"tag-entertainment","14":"tag-entretenimento","15":"tag-portugal","16":"tag-pt"},"share_on_mastodon":{"url":"https:\/\/pubeurope.com\/@pt\/115620061270997691","error":""},"_links":{"self":[{"href":"https:\/\/www.europesays.com\/pt\/wp-json\/wp\/v2\/posts\/166655","targetHints":{"allow":["GET"]}}],"collection":[{"href":"https:\/\/www.europesays.com\/pt\/wp-json\/wp\/v2\/posts"}],"about":[{"href":"https:\/\/www.europesays.com\/pt\/wp-json\/wp\/v2\/types\/post"}],"author":[{"embeddable":true,"href":"https:\/\/www.europesays.com\/pt\/wp-json\/wp\/v2\/users\/2"}],"replies":[{"embeddable":true,"href":"https:\/\/www.europesays.com\/pt\/wp-json\/wp\/v2\/comments?post=166655"}],"version-history":[{"count":0,"href":"https:\/\/www.europesays.com\/pt\/wp-json\/wp\/v2\/posts\/166655\/revisions"}],"wp:featuredmedia":[{"embeddable":true,"href":"https:\/\/www.europesays.com\/pt\/wp-json\/wp\/v2\/media\/166656"}],"wp:attachment":[{"href":"https:\/\/www.europesays.com\/pt\/wp-json\/wp\/v2\/media?parent=166655"}],"wp:term":[{"taxonomy":"category","embeddable":true,"href":"https:\/\/www.europesays.com\/pt\/wp-json\/wp\/v2\/categories?post=166655"},{"taxonomy":"post_tag","embeddable":true,"href":"https:\/\/www.europesays.com\/pt\/wp-json\/wp\/v2\/tags?post=166655"}],"curies":[{"name":"wp","href":"https:\/\/api.w.org\/{rel}","templated":true}]}}