{"id":166659,"date":"2025-11-27T05:54:23","date_gmt":"2025-11-27T05:54:23","guid":{"rendered":"https:\/\/www.europesays.com\/pt\/166659\/"},"modified":"2025-11-27T05:54:23","modified_gmt":"2025-11-27T05:54:23","slug":"rodrigo-ribeiro-da-razao-a-rui-borges-e-como-o-mister-diz","status":"publish","type":"post","link":"https:\/\/www.europesays.com\/pt\/166659\/","title":{"rendered":"Rodrigo Ribeiro d\u00e1 raz\u00e3o a Rui Borges: \u00ab\u00c9 como o mister diz&#8230;\u00bb"},"content":{"rendered":"<p><strong><a class=\"autolink-enabled\" data-resource-id=\"254391\" data-resource-type=\"player\" data-sport=\"football\" href=\"https:\/\/www.abola.pt\/futebol\/jogador\/rodrigo-ribeiro-254391\" rel=\"nofollow noopener\" target=\"_blank\">Rodrigo Ribeiro<\/a>, jovem avan\u00e7ado do <a class=\"autolink-enabled\" data-resource-id=\"448\" data-resource-type=\"team\" data-sport=\"football\" href=\"https:\/\/www.abola.pt\/futebol\/sporting-448\" rel=\"nofollow noopener\" target=\"_blank\">Sporting<\/a>, fez nesta quarta-feira a estreia na <a class=\"autolink-enabled\" data-resource-id=\"27\" data-resource-type=\"competition\" data-sport=\"football\" href=\"https:\/\/www.abola.pt\/futebol\/competicao\/uefa-champions-league-27\" rel=\"nofollow noopener\" target=\"_blank\">Champions<\/a>, entrando nos \u00faltimos minutos da vit\u00f3ria sobre o <a class=\"autolink-enabled\" data-resource-id=\"417\" data-resource-type=\"team\" data-sport=\"football\" href=\"https:\/\/www.abola.pt\/futebol\/club-brugge-417\" rel=\"nofollow noopener\" target=\"_blank\">Club Brugge<\/a>. No final, o jogador de 20 anos comentou os elogios que recebeu de Rui Borges ap\u00f3s o jogo da <a class=\"autolink-enabled\" data-resource-id=\"112\" data-resource-type=\"competition\" data-sport=\"football\" href=\"https:\/\/www.abola.pt\/futebol\/competicao\/taca-de-portugal-112\" rel=\"nofollow noopener\" target=\"_blank\">Ta\u00e7a<\/a> frente ao <a class=\"autolink-enabled\" data-resource-id=\"13524\" data-resource-type=\"team\" data-sport=\"football\" href=\"https:\/\/www.abola.pt\/futebol\/marinhense-13524\" rel=\"nofollow noopener\" target=\"_blank\">Marinhense<\/a>.<\/strong><\/p>\n<p><strong>&#8211; Como escutou os elogios que Rui Borges lhe dirigiu?<\/strong><\/p>\n<p>&#8211; Fico feliz pelas palavras. Resta-me trabalhar todos os dias para continuar a ter oportunidades, seja aqui, seja na equipa B. Porque eu quero \u00e9 jogar. Isso \u00e9 que \u00e9 importante.<\/p>\n<p>                            Fechar<\/p>\n<p>                                                    <img decoding=\"async\" class=\"h-full w-full max-w-[1180px] select-none rounded-t object-contain object-center\" src=\"https:\/\/www.europesays.com\/pt\/wp-content\/uploads\/2025\/11\/c14e08d1-3b5d-4b9a-a484-3280d31f9ddd.jpg\" alt=\"\" x-show=\"imageGalleryOpened &amp;&amp; imageGalleryImageIndex == 1\"\/><\/p>\n<p>                                        \/ 33<\/p>\n<p>                                        Capit\u00e3o dos le\u00f5es, Hjulmand viu mudar a cor do cart\u00e3o ap\u00f3s consulta do VAR &#8211; Foto: Miguel Nunes<\/p>\n<p>                                                    <img decoding=\"async\" class=\"h-full w-full max-w-[1180px] select-none rounded-t object-contain object-center\" src=\"https:\/\/www.europesays.com\/pt\/wp-content\/uploads\/2025\/11\/ce087d03-fb7e-4151-ab30-e98074cf42ce.jpg\" alt=\"Su\u00e1rez festeja golo marcado ao Club Brugge -Foto: Miguel Nunes\" x-show=\"imageGalleryOpened &amp;&amp; imageGalleryImageIndex == 2\"\/><\/p>\n<p>                                        \/ 33<\/p>\n<p>                                        Su\u00e1rez festeja golo marcado ao Club Brugge -Foto: Miguel Nunes<\/p>\n<p>                                                    <img decoding=\"async\" class=\"h-full w-full max-w-[1180px] select-none rounded-t object-contain object-center\" src=\"https:\/\/www.europesays.com\/pt\/wp-content\/uploads\/2025\/11\/f76300dc-3a2b-4471-b44b-92459c060882.jpg\" alt=\"\" x-show=\"imageGalleryOpened &amp;&amp; imageGalleryImageIndex == 3\"\/><\/p>\n<p>                                        \/ 33<\/p>\n<p>                                        Jo\u00e3o Sim\u00f5es em luta no meio-campo no jogo frente ao Club Brugge &#8211; Foto: Miguel Nunes<\/p>\n<p>                                                    <img decoding=\"async\" class=\"h-full w-full max-w-[1180px] select-none rounded-t object-contain object-center\" src=\"https:\/\/www.europesays.com\/pt\/wp-content\/uploads\/2025\/11\/1d3c8cf6-784a-4e54-b918-f4065f4a37bd.jpeg\" alt=\"Quenda abriu o ativo em Alvalade\" x-show=\"imageGalleryOpened &amp;&amp; imageGalleryImageIndex == 4\"\/><\/p>\n<p>                                        \/ 33<\/p>\n<p>                                        Quenda abriu o ativo em Alvalade<\/p>\n<p>                                                    <img decoding=\"async\" class=\"h-full w-full max-w-[1180px] select-none rounded-t object-contain object-center\" src=\"https:\/\/www.europesays.com\/pt\/wp-content\/uploads\/2025\/11\/d88df79e-7207-495d-9061-1de43caf65be.jpeg\" alt=\"\" x-show=\"imageGalleryOpened &amp;&amp; imageGalleryImageIndex == 5\"\/><\/p>\n<p>                                        \/ 33<\/p>\n<p>                                        Trinc\u00e3o em disputa de bola com jogador do Club Brugge<\/p>\n<p>                                                    <img decoding=\"async\" class=\"h-full w-full max-w-[1180px] select-none rounded-t object-contain object-center\" src=\"https:\/\/www.europesays.com\/pt\/wp-content\/uploads\/2025\/11\/c214f846-bac6-418b-9468-97c24a9a6c65.jpg\" alt=\"\" x-show=\"imageGalleryOpened &amp;&amp; imageGalleryImageIndex == 6\"\/><\/p>\n<p>                                        \/ 33<\/p>\n<p>                                        Hjulmand passa por advers\u00e1rio no jogo frente ao Club Brugge &#8211; Foto: Miguel Nunes<\/p>\n<p>                                                    <img decoding=\"async\" class=\"h-full w-full max-w-[1180px] select-none rounded-t object-contain object-center\" src=\"https:\/\/www.europesays.com\/pt\/wp-content\/uploads\/2025\/11\/c860f494-14af-4e1c-b3ab-2efe66d0fd03.jpg\" alt=\"\" x-show=\"imageGalleryOpened &amp;&amp; imageGalleryImageIndex == 7\"\/><\/p>\n<p>                                        \/ 33<\/p>\n<p>                                        Adeptos do Sporting em Alvalade &#8211; Foto: Miguel Nunes<\/p>\n<p>                                                    <img decoding=\"async\" class=\"h-full w-full max-w-[1180px] select-none rounded-t object-contain object-center\" src=\"https:\/\/www.europesays.com\/pt\/wp-content\/uploads\/2025\/11\/60fd248d-bf93-45dd-b0a9-d101cdb0020e.jpg\" alt=\"\" x-show=\"imageGalleryOpened &amp;&amp; imageGalleryImageIndex == 8\"\/><\/p>\n<p>                                        \/ 33<\/p>\n<p>                                        Nicky Hayen, treinador do Club Brugge no jogo frente ao Sporting &#8211; Foto: Miguel Nunes<\/p>\n<p>                                                    <img decoding=\"async\" class=\"h-full w-full max-w-[1180px] select-none rounded-t object-contain object-center\" src=\"https:\/\/www.europesays.com\/pt\/wp-content\/uploads\/2025\/11\/071726f0-ec5e-4a02-9c89-a395050ca162.jpg\" alt=\"\" x-show=\"imageGalleryOpened &amp;&amp; imageGalleryImageIndex == 9\"\/><\/p>\n<p>                                        \/ 33<\/p>\n<p>                                        Rui Borges no jogo do Sporting frente ao Club Brugge &#8211; Foto: Miguel Nunes<\/p>\n<p>                                                    <img decoding=\"async\" class=\"h-full w-full max-w-[1180px] select-none rounded-t object-contain object-center\" src=\"https:\/\/www.europesays.com\/pt\/wp-content\/uploads\/2025\/11\/a5a537ba-d74e-4559-8e21-84468b73c076.jpg\" alt=\"\" x-show=\"imageGalleryOpened &amp;&amp; imageGalleryImageIndex == 10\"\/><\/p>\n<p>                                        \/ 33<\/p>\n<p>                                        Adepto do Sporting em Alvalade &#8211; Foto: Miguel Nunes<\/p>\n<p>                                                    <img decoding=\"async\" class=\"h-full w-full max-w-[1180px] select-none rounded-t object-contain object-center\" src=\"https:\/\/www.europesays.com\/pt\/wp-content\/uploads\/2025\/11\/f2419b05-1b80-4b71-9f96-27512c9c0378.jpg\" alt=\"\" x-show=\"imageGalleryOpened &amp;&amp; imageGalleryImageIndex == 11\"\/><\/p>\n<p>                                        \/ 33<\/p>\n<p>                                        Adeptos do Sporting em Alvalade &#8211; Foto: Miguel Nunes<\/p>\n<p>                                                    <img decoding=\"async\" class=\"h-full w-full max-w-[1180px] select-none rounded-t object-contain object-center\" src=\"https:\/\/www.europesays.com\/pt\/wp-content\/uploads\/2025\/11\/b2cdf7b0-9e46-43de-bc82-c4a2b4e2e2cb.jpg\" alt=\"\" x-show=\"imageGalleryOpened &amp;&amp; imageGalleryImageIndex == 12\"\/><\/p>\n<p>                                        \/ 33<\/p>\n<p>                                        Quenda remata \u00e0 baliza do Club Brugge &#8211; Foto: Miguel Nunes<\/p>\n<p>                                                    <img decoding=\"async\" class=\"h-full w-full max-w-[1180px] select-none rounded-t object-contain object-center\" src=\"https:\/\/www.europesays.com\/pt\/wp-content\/uploads\/2025\/11\/33cdb886-de6c-4123-995a-5177005e38ea.jpg\" alt=\"\" x-show=\"imageGalleryOpened &amp;&amp; imageGalleryImageIndex == 13\"\/><\/p>\n<p>                                        \/ 33<\/p>\n<p>                                        Rui Silva em a\u00e7\u00e3o no jogo do Sporting frente ao Club Brugge &#8211; Foto: Miguel Nunes<\/p>\n<p>                                                    <img decoding=\"async\" class=\"h-full w-full max-w-[1180px] select-none rounded-t object-contain object-center\" src=\"https:\/\/www.europesays.com\/pt\/wp-content\/uploads\/2025\/11\/d757d955-2802-4499-8083-18ca29eb244f.jpg\" alt=\"Quenda festeja golo marcado ao Club Brugge - Foto: Miguel Nunes\" x-show=\"imageGalleryOpened &amp;&amp; imageGalleryImageIndex == 14\"\/><\/p>\n<p>                                        \/ 33<\/p>\n<p>                                        Quenda festeja golo marcado ao Club Brugge &#8211; Foto: Miguel Nunes<\/p>\n<p>                                                    <img decoding=\"async\" class=\"h-full w-full max-w-[1180px] select-none rounded-t object-contain object-center\" src=\"https:\/\/www.europesays.com\/pt\/wp-content\/uploads\/2025\/11\/a72413e2-12a0-4e6a-92f6-eff525303fe1.jpg\" alt=\"\" x-show=\"imageGalleryOpened &amp;&amp; imageGalleryImageIndex == 15\"\/><\/p>\n<p>                                        \/ 33<\/p>\n<p>                                        Quenda festeja com Jo\u00e3o Sim\u00f5es golo marcado ao Club Brugge &#8211; Foto: Miguel Nunes<\/p>\n<p>                                                    <img decoding=\"async\" class=\"h-full w-full max-w-[1180px] select-none rounded-t object-contain object-center\" src=\"https:\/\/www.europesays.com\/pt\/wp-content\/uploads\/2025\/11\/1c40f63c-658a-4659-934e-da2bcb2791b5.jpg\" alt=\"\" x-show=\"imageGalleryOpened &amp;&amp; imageGalleryImageIndex == 16\"\/><\/p>\n<p>                                        \/ 33<\/p>\n<p>                                        Catamo remata \u00e0 baliza do Club Brugge &#8211; Foto: Miguel Nunes<\/p>\n<p>                                                    <img decoding=\"async\" class=\"h-full w-full max-w-[1180px] select-none rounded-t object-contain object-center\" src=\"https:\/\/www.europesays.com\/pt\/wp-content\/uploads\/2025\/11\/2f9ab1b2-b08e-4b73-a0e0-df8f6688bbeb.jpg\" alt=\"\" x-show=\"imageGalleryOpened &amp;&amp; imageGalleryImageIndex == 17\"\/><\/p>\n<p>                                        \/ 33<\/p>\n<p>                                        Luis Su\u00e1rez festeja golo marcado frente ao Club Brugge &#8211; Foto: Miguel Nunes<\/p>\n<p>                                                    <img decoding=\"async\" class=\"h-full w-full max-w-[1180px] select-none rounded-t object-contain object-center\" src=\"https:\/\/www.europesays.com\/pt\/wp-content\/uploads\/2025\/11\/2ba6f2b7-3925-4ddf-8151-a79170da27d1.jpg\" alt=\"\" x-show=\"imageGalleryOpened &amp;&amp; imageGalleryImageIndex == 18\"\/><\/p>\n<p>                                        \/ 33<\/p>\n<p>                                        Luis Su\u00e1rez festeja golo marcado frente ao Club Brugge &#8211; Foto: Miguel Nunes<\/p>\n<p>                                                    <img decoding=\"async\" class=\"h-full w-full max-w-[1180px] select-none rounded-t object-contain object-center\" src=\"https:\/\/www.europesays.com\/pt\/wp-content\/uploads\/2025\/11\/9025998c-f4bb-48c7-ba11-bff91d5daee0.jpg\" alt=\"\" x-show=\"imageGalleryOpened &amp;&amp; imageGalleryImageIndex == 19\"\/><\/p>\n<p>                                        \/ 33<\/p>\n<p>                                        Luis Su\u00e1rez festeja golo marcado frente ao Club Brugge &#8211; Foto: Miguel Nunes<\/p>\n<p>                                                    <img decoding=\"async\" class=\"h-full w-full max-w-[1180px] select-none rounded-t object-contain object-center\" src=\"https:\/\/www.europesays.com\/pt\/wp-content\/uploads\/2025\/11\/c74e7480-fa81-47b9-9656-8a3b775a23e2.jpg\" alt=\"\" x-show=\"imageGalleryOpened &amp;&amp; imageGalleryImageIndex == 20\"\/><\/p>\n<p>                                        \/ 33<\/p>\n<p>                                        Luis Su\u00e1rez festeja golo marcado frente ao Club Brugge &#8211; Foto: Miguel Nunes<\/p>\n<p>                                                    <img decoding=\"async\" class=\"h-full w-full max-w-[1180px] select-none rounded-t object-contain object-center\" src=\"https:\/\/www.europesays.com\/pt\/wp-content\/uploads\/2025\/11\/a858e5ac-1b0f-441b-b7cc-3aad87eab1ac.jpg\" alt=\"\" x-show=\"imageGalleryOpened &amp;&amp; imageGalleryImageIndex == 21\"\/><\/p>\n<p>                                        \/ 33<\/p>\n<p>                                        Morita substitui Jo\u00e3o Sim\u00f5es no jogo entre o Sporting e o Club Brugge &#8211; Foto: Miguel Nunes<\/p>\n<p>                                                    <img decoding=\"async\" class=\"h-full w-full max-w-[1180px] select-none rounded-t object-contain object-center\" src=\"https:\/\/www.europesays.com\/pt\/wp-content\/uploads\/2025\/11\/f919ab97-b3c1-4f54-9ca0-696a8f2a701e.jpg\" alt=\"\" x-show=\"imageGalleryOpened &amp;&amp; imageGalleryImageIndex == 22\"\/><\/p>\n<p>                                        \/ 33<\/p>\n<p>                                        Rui Borges no jogo do Sporting frente ao Club Brugge &#8211; Foto: Miguel Nunes<\/p>\n<p>                                                    <img decoding=\"async\" class=\"h-full w-full max-w-[1180px] select-none rounded-t object-contain object-center\" src=\"https:\/\/www.europesays.com\/pt\/wp-content\/uploads\/2025\/11\/765fc56c-260d-49f0-b84f-0d2916e70c31.jpg\" alt=\"Trinc\u00e3o festeja golo apontado ao Club Brugge - Foto: Miguel Nunes\" x-show=\"imageGalleryOpened &amp;&amp; imageGalleryImageIndex == 23\"\/><\/p>\n<p>                                        \/ 33<\/p>\n<p>                                        Trinc\u00e3o festeja golo apontado ao Club Brugge &#8211; Foto: Miguel Nunes<\/p>\n<p>                                                    <img decoding=\"async\" class=\"h-full w-full max-w-[1180px] select-none rounded-t object-contain object-center\" src=\"https:\/\/www.europesays.com\/pt\/wp-content\/uploads\/2025\/11\/5dee6c37-91c6-464e-b9d3-3184276fec5f.jpg\" alt=\"\" x-show=\"imageGalleryOpened &amp;&amp; imageGalleryImageIndex == 24\"\/><\/p>\n<p>                                                    <img decoding=\"async\" class=\"h-full w-full max-w-[1180px] select-none rounded-t object-contain object-center\" src=\"https:\/\/www.europesays.com\/pt\/wp-content\/uploads\/2025\/11\/b8f74cb6-752e-4273-bf27-3d971d948579.jpg\" alt=\"\" x-show=\"imageGalleryOpened &amp;&amp; imageGalleryImageIndex == 25\"\/><\/p>\n<p>                                                    <img decoding=\"async\" class=\"h-full w-full max-w-[1180px] select-none rounded-t object-contain object-center\" src=\"https:\/\/www.europesays.com\/pt\/wp-content\/uploads\/2025\/11\/f5655dc8-f69c-4bdf-b271-c55f9cadc217.jpg\" alt=\"\" x-show=\"imageGalleryOpened &amp;&amp; imageGalleryImageIndex == 26\"\/><\/p>\n<p>                                        \/ 33<\/p>\n<p>                                        Jogadores do Sporting festejam golo ao Club Brugge &#8211; Foto: Miguel Nunes<\/p>\n<p>                                                    <img decoding=\"async\" class=\"h-full w-full max-w-[1180px] select-none rounded-t object-contain object-center\" src=\"https:\/\/www.europesays.com\/pt\/wp-content\/uploads\/2025\/11\/e425e7ec-dd76-42d3-8ceb-4ec2b4e4e6dd.jpg\" alt=\"\" x-show=\"imageGalleryOpened &amp;&amp; imageGalleryImageIndex == 27\"\/><\/p>\n<p>                                        \/ 33<\/p>\n<p>                                        Rui Borges fala com Salvador Blopa antes de o lan\u00e7ar no jogo frente ao Club Brugge &#8211; Foto: Miguel Nunes<\/p>\n<p>                                                    <img decoding=\"async\" class=\"h-full w-full max-w-[1180px] select-none rounded-t object-contain object-center\" src=\"https:\/\/www.europesays.com\/pt\/wp-content\/uploads\/2025\/11\/652f6ce7-9249-41e7-addb-53a52696c0ad.jpg\" alt=\"\" x-show=\"imageGalleryOpened &amp;&amp; imageGalleryImageIndex == 28\"\/><\/p>\n<p>                                        \/ 33<\/p>\n<p>                                        Rui Borges fala com Matheus Reis e Rodrigo Ribeiro antes de os lan\u00e7ar no jogo frente ao Club Brugge &#8211; Foto: Miguel Nunes<\/p>\n<p>                                                    <img decoding=\"async\" class=\"h-full w-full max-w-[1180px] select-none rounded-t object-contain object-center\" src=\"https:\/\/www.europesays.com\/pt\/wp-content\/uploads\/2025\/11\/b3b6e3ca-8870-4e0c-a0f7-c1850ae577ad.jpg\" alt=\"\" x-show=\"imageGalleryOpened &amp;&amp; imageGalleryImageIndex == 29\"\/><\/p>\n<p>                                        \/ 33<\/p>\n<p>                                        Morita em a\u00e7\u00e3o no jogo frente ao Club Brugge &#8211; Foto: Miguel Nunes<\/p>\n<p>                                                    <img decoding=\"async\" class=\"h-full w-full max-w-[1180px] select-none rounded-t object-contain object-center\" src=\"https:\/\/www.europesays.com\/pt\/wp-content\/uploads\/2025\/11\/b24cfb8d-2234-4b97-bcf1-56d43355a25a.jpg\" alt=\"\" x-show=\"imageGalleryOpened &amp;&amp; imageGalleryImageIndex == 30\"\/><\/p>\n<p>                                        \/ 33<\/p>\n<p>                                        Rodrigo Ribeiro estreou-se na Champions frente ao Club Brugge &#8211; Foto: Miguel Nunes<\/p>\n<p>                                                    <img decoding=\"async\" class=\"h-full w-full max-w-[1180px] select-none rounded-t object-contain object-center\" src=\"https:\/\/www.europesays.com\/pt\/wp-content\/uploads\/2025\/11\/1764222862_367_6ac4070a-1688-40f6-ac16-9d9132bf9065.jpg\" alt=\"\" x-show=\"imageGalleryOpened &amp;&amp; imageGalleryImageIndex == 31\"\/><\/p>\n<p>                                        \/ 33<\/p>\n<p>                                        Salvador Blopa choca com Jackers, guarda-redes do Club Brugge- Foto: Miguel Nunes<\/p>\n<p>                                                    <img decoding=\"async\" class=\"h-full w-full max-w-[1180px] select-none rounded-t object-contain object-center\" src=\"https:\/\/www.europesays.com\/pt\/wp-content\/uploads\/2025\/11\/9b7b4f90-4797-4b08-9970-ac8e9f9a83b8.jpg\" alt=\"\" x-show=\"imageGalleryOpened &amp;&amp; imageGalleryImageIndex == 32\"\/><\/p>\n<p>                                        \/ 33<\/p>\n<p>                                        Nordin Jackers, guarda-redes do Club Brugge, recebe assist\u00eancia m\u00e9dica j\u00e1 ap\u00f3s o apito final do jogo frente ao Sporting- Foto: Miguel Nunes<\/p>\n<p>                                                    <img decoding=\"async\" class=\"h-full w-full max-w-[1180px] select-none rounded-t object-contain object-center\" src=\"https:\/\/www.europesays.com\/pt\/wp-content\/uploads\/2025\/11\/e6ec64bf-8b9e-405f-8b9e-13a17d302f8f.jpg\" alt=\"\" x-show=\"imageGalleryOpened &amp;&amp; imageGalleryImageIndex == 33\"\/><\/p>\n<p>                                        \/ 33<\/p>\n<p>                                        Nordin Jackers, guarda-redes do Club Brugge, saiu de maca do jogo frente ao Sporting- Foto: Miguel Nunes<\/p>\n<p>            Galeria de imagens<\/p>\n<p>            33 Fotos<\/p>\n<p><strong>&#8211; Como foi para si dar o passo de ficar no Sporting e lutar por um lugar na equipa principal, jogando principalmente na equipa B?<\/strong><\/p>\n<p>&#8211; Foi muito importante a equipa B subir \u00e0 Liga 2. Para n\u00f3s, jogadores jovens, \u00e9 muito importante o contexto porque \u00e9 mais parecido com a Liga. \u00c9 o contexto ideal para estarmos mais preparados para jogar na equipa principal.<\/p>\n<p><strong>&#8211; Concorda que por vezes os jovens t\u00eam a tenta\u00e7\u00e3o de procurar uma equipa da Liga e depois n\u00e3o jogam tanto?<\/strong><\/p>\n<p>&#8211; \u00c9 o que o mister disse: na nossa idade, o mais importante \u00e9 jogar, ter ritmo. Porque o jogo d\u00e1 coisas diferentes do treino.<\/p>\n<p>&#8211; [risos] O golo vai aparecer, h\u00e1 que continuar a trabalhar com a mesma qualidade porque o resto aparece.<\/p>\n<p><strong>&#8211; Quantos pontos \u00e9 que o Sporting vai precisar para seguir em frente?<\/strong><\/p>\n<p>&#8211; N\u00e3o fiz essas contas. Sei que foi importante a vit\u00f3ria, mas cada jogo \u00e9 muito dif\u00edcil nesta competi\u00e7\u00e3o, seja um advers\u00e1rio com ou mais nome.<\/p>\n<p><a target=\"_blank\" class=\"editor-link\" href=\"https:\/\/profile.google.com\/cp\/CgkvbS8wNWNjOHQ?pf=0\" rel=\"nofollow noopener\">Siga o perfil de A BOLA no Google<\/a><\/p>\n","protected":false},"excerpt":{"rendered":"Rodrigo Ribeiro, jovem avan\u00e7ado do Sporting, fez nesta quarta-feira a estreia na Champions, entrando nos \u00faltimos minutos da&hellip;\n","protected":false},"author":2,"featured_media":166660,"comment_status":"","ping_status":"","sticky":false,"template":"","format":"standard","meta":{"footnotes":""},"categories":[8],"tags":[27,28,15,16,14,25,26,21,22,12,13,19,20,32,23,24,33,17,18,29,30,31],"class_list":{"0":"post-166659","1":"post","2":"type-post","3":"status-publish","4":"format-standard","5":"has-post-thumbnail","7":"category-principais-noticias","8":"tag-breaking-news","9":"tag-breakingnews","10":"tag-featured-news","11":"tag-featurednews","12":"tag-headlines","13":"tag-latest-news","14":"tag-latestnews","15":"tag-main-news","16":"tag-mainnews","17":"tag-news","18":"tag-noticias","19":"tag-noticias-principais","20":"tag-noticiasprincipais","21":"tag-portugal","22":"tag-principais-noticias","23":"tag-principaisnoticias","24":"tag-pt","25":"tag-top-stories","26":"tag-topstories","27":"tag-ultimas","28":"tag-ultimas-noticias","29":"tag-ultimasnoticias"},"share_on_mastodon":{"url":"https:\/\/pubeurope.com\/@pt\/115620117005357732","error":""},"_links":{"self":[{"href":"https:\/\/www.europesays.com\/pt\/wp-json\/wp\/v2\/posts\/166659","targetHints":{"allow":["GET"]}}],"collection":[{"href":"https:\/\/www.europesays.com\/pt\/wp-json\/wp\/v2\/posts"}],"about":[{"href":"https:\/\/www.europesays.com\/pt\/wp-json\/wp\/v2\/types\/post"}],"author":[{"embeddable":true,"href":"https:\/\/www.europesays.com\/pt\/wp-json\/wp\/v2\/users\/2"}],"replies":[{"embeddable":true,"href":"https:\/\/www.europesays.com\/pt\/wp-json\/wp\/v2\/comments?post=166659"}],"version-history":[{"count":0,"href":"https:\/\/www.europesays.com\/pt\/wp-json\/wp\/v2\/posts\/166659\/revisions"}],"wp:featuredmedia":[{"embeddable":true,"href":"https:\/\/www.europesays.com\/pt\/wp-json\/wp\/v2\/media\/166660"}],"wp:attachment":[{"href":"https:\/\/www.europesays.com\/pt\/wp-json\/wp\/v2\/media?parent=166659"}],"wp:term":[{"taxonomy":"category","embeddable":true,"href":"https:\/\/www.europesays.com\/pt\/wp-json\/wp\/v2\/categories?post=166659"},{"taxonomy":"post_tag","embeddable":true,"href":"https:\/\/www.europesays.com\/pt\/wp-json\/wp\/v2\/tags?post=166659"}],"curies":[{"name":"wp","href":"https:\/\/api.w.org\/{rel}","templated":true}]}}