{"id":166661,"date":"2025-11-27T05:55:12","date_gmt":"2025-11-27T05:55:12","guid":{"rendered":"https:\/\/www.europesays.com\/pt\/166661\/"},"modified":"2025-11-27T05:55:12","modified_gmt":"2025-11-27T05:55:12","slug":"sobre-bolsonaro-ator-que-e-ex-de-luiza-possi-se-manifesta-apos-postagem-da-cantora-sofreu-lobotomia","status":"publish","type":"post","link":"https:\/\/www.europesays.com\/pt\/166661\/","title":{"rendered":"Sobre Bolsonaro? Ator que \u00e9 ex de Luiza Possi se manifesta ap\u00f3s postagem da cantora: &#8216;Sofreu lobotomia&#8217;"},"content":{"rendered":"<p>\n                        Astro que foi casado com Luiza Possi se manifestou ap\u00f3s postagem da cantora que repercutiu\n                    <\/p>\n<ul class=\"article__header__author\">\n<li class=\"article__header__author__item\">\n                                                Por:<br \/>\n                                                                                    Guilherme Rodrigues \/ Contigo\n                                                                        <\/li>\n<\/ul>\n<p class=\"text\">Nesta ter\u00e7a-feira (25), <strong>Luiza Possi<\/strong> usou as redes sociais para se manifestar sobre f\u00e9 e Deus, o que muitos internautas desconfiaram ser uma rea\u00e7\u00e3o da cantora ap\u00f3s a pris\u00e3o de Jair Bolsonaro, mesmo a artista n\u00e3o citando o nome do ex-presidente.<\/p>\n<p><img loading=\"lazy\" decoding=\"async\" alt=\"Luiza Possi, Jair Bolsonaro e Pedro Neschling (Reprodu\u00e7\u00e3o\/Instagram\/TV Brasil)\" class=\"img-c4321eb46c7f6e182bfb91002e49107dusuzji2o\" height=\"435\" src=\"https:\/\/www.europesays.com\/pt\/wp-content\/uploads\/2025\/11\/828067311-luiza-possi-jair-bolsonaro-e-pedro-neschling.jpg\"  title=\"Luiza Possi, Jair Bolsonaro e Pedro Neschling (Reprodu\u00e7\u00e3o\/Instagram\/TV Brasil)\" width=\"774\"\/><\/p>\n<p>Luiza Possi, Jair Bolsonaro e Pedro Neschling (Reprodu\u00e7\u00e3o\/Instagram\/TV Brasil)<\/p>\n<p>Foto: Contigo<\/p>\n<p class=\"text\">&#8220;O bem \u00e9 bem mesmo que todos estejam agindo mal. Aqueles que creem que tem mais poder que Deus podem at\u00e9 ocupar altos cargos, mas pela for\u00e7a que tem no Nosso Criador, assim como subiram desceram&#8221;, declarou a estrela.<\/p>\n<p>CRIST\u00c3<\/p>\n<p class=\"text\">&#8220;As pessoas que temem a Deus podem estar vivendo um inferno na Terra, mas pela for\u00e7a da f\u00e9, viver\u00e3o para testemunhar que Deus \u00e9 bom e trar\u00e1 o livramento e a dupla honra. O momento senhoras e senhores, \u00e9 muito dif\u00edcil, queiram ver ou n\u00e3o, e o futuro pelos olhos humanos, \u00e9 terr\u00edvel, mas eu creio que pelo nome de Jesus viveremos para ver uma na\u00e7\u00e3o reconstru\u00edda, forte, justa e pr\u00f3spera. Eu creio&#8221;, apontou a loira.<\/p>\n<p>REAGIU<\/p>\n<p class=\"text\"><strong>Pedro Neschling<\/strong>, ator que foi casado com Luiza entre 2007 e 2009, tamb\u00e9m se manifestou. &#8220;Mudar faz parte da vida. Sobretudo, amadurecer \u00e9 bom demais. Eu tenho muito orgulho de n\u00e3o ser mais o cara que era anos atr\u00e1s. Agora, tem gente que parece que sofreu lobotomia e infelizmente n\u00e3o reconhecemos mais. O neg\u00f3cio \u00e9 assustador mesmo. Uma pena&#8221;, lamentou o astro.<\/p>\n<p>INTERNAUTAS<\/p>\n<p class=\"text\">&#8220;Dif\u00edcil comentar, sou f\u00e3 dela desde a minha adolesc\u00eancia, cresci ouvindo e cresci vendo ela crescer. Sigo f\u00e3 da cantora maravilhosa, a voz brasileira mais linda que ouvi, mais t\u00e1 dif\u00edcil com o ser humano. Espero que recobre a lucidez.\u00a0 Sempre h\u00e1 tempo&#8230;&#8221;, comentou uma internauta.<\/p>\n<p class=\"text\">&#8220;Tenho uma experi\u00eancia parecida. No meu caso, a lobotomia feita pela igreja. A pessoa perdeu a pr\u00f3pria identidade, personalidade e passou a ser completamente guiada por ideias e pensamentos bizarros. Parece roteiro de um filme sobre loucura. \u00c9 triste demais&#8221;, lamentou outra.<\/p>\n<blockquote class=\"twitter-tweet\" id=\"1993426231421804992?ref_src=twsrc%5Etfw\">\n<p class=\"text\" dir=\"ltr\" lang=\"pt\">O bem \u00e9 bem mesmo que todos estejam agindo mal. Aqueles que cr\u00eaem que tem mais poder que Deus podem at\u00e9 ocupar altos cargos, mas pela for\u00e7a que tem no Nosso Criador, assim como subiram desceram. As pessoas que temem a Deus podem estar vivendo um inferno na Terra, mas pela for\u00e7a\u2026<\/p>\n<p class=\"text\">\u2014 Luiza Possi (@luizapossi) <a href=\"https:\/\/twitter.com\/luizapossi\/status\/1993426231421804992?ref_src=twsrc%5Etfw\" target=\"_blank\" rel=\"nofollow noopener\">November 25, 2025<\/a><\/p>\n<\/blockquote>\n<blockquote class=\"twitter-tweet\" id=\"1993742524171870432?ref_src=twsrc%5Etfw\">\n<p class=\"text\" dir=\"ltr\" lang=\"pt\">Mudar faz parte da vida. Sobretudo, amadurecer \u00e9 bom demais. Eu tenho muito orgulho de n\u00e3o ser mais o cara que era anos atr\u00e1s.<\/p>\n<p class=\"text\">Agora, tem gente que parece que sofreu lobotomia e infelizmente n\u00e3o reconhecemos mais. O neg\u00f3cio \u00e9 assustador mesmo. Uma pena.<\/p>\n<p class=\"text\">\u2014 Pedro Neschling (@pedroneschling) <a href=\"https:\/\/twitter.com\/pedroneschling\/status\/1993742524171870432?ref_src=twsrc%5Etfw\" target=\"_blank\" rel=\"nofollow noopener\">November 26, 2025<\/a><\/p>\n<\/blockquote>\n<p>                            <script async src=\"https:\/\/platform.twitter.com\/widgets.js\" charset=\"utf-8\"><\/script><\/p>\n","protected":false},"excerpt":{"rendered":"Astro que foi casado com Luiza Possi se manifestou ap\u00f3s postagem da cantora que repercutiu Por: Guilherme Rodrigues&hellip;\n","protected":false},"author":2,"featured_media":166662,"comment_status":"","ping_status":"","sticky":false,"template":"","format":"standard","meta":{"footnotes":""},"categories":[145],"tags":[211,210,114,115,32,33],"class_list":{"0":"post-166661","1":"post","2":"type-post","3":"status-publish","4":"format-standard","5":"has-post-thumbnail","7":"category-celebridades","8":"tag-celebridades","9":"tag-celebrities","10":"tag-entertainment","11":"tag-entretenimento","12":"tag-portugal","13":"tag-pt"},"share_on_mastodon":{"url":"https:\/\/pubeurope.com\/@pt\/115620120061847428","error":""},"_links":{"self":[{"href":"https:\/\/www.europesays.com\/pt\/wp-json\/wp\/v2\/posts\/166661","targetHints":{"allow":["GET"]}}],"collection":[{"href":"https:\/\/www.europesays.com\/pt\/wp-json\/wp\/v2\/posts"}],"about":[{"href":"https:\/\/www.europesays.com\/pt\/wp-json\/wp\/v2\/types\/post"}],"author":[{"embeddable":true,"href":"https:\/\/www.europesays.com\/pt\/wp-json\/wp\/v2\/users\/2"}],"replies":[{"embeddable":true,"href":"https:\/\/www.europesays.com\/pt\/wp-json\/wp\/v2\/comments?post=166661"}],"version-history":[{"count":0,"href":"https:\/\/www.europesays.com\/pt\/wp-json\/wp\/v2\/posts\/166661\/revisions"}],"wp:featuredmedia":[{"embeddable":true,"href":"https:\/\/www.europesays.com\/pt\/wp-json\/wp\/v2\/media\/166662"}],"wp:attachment":[{"href":"https:\/\/www.europesays.com\/pt\/wp-json\/wp\/v2\/media?parent=166661"}],"wp:term":[{"taxonomy":"category","embeddable":true,"href":"https:\/\/www.europesays.com\/pt\/wp-json\/wp\/v2\/categories?post=166661"},{"taxonomy":"post_tag","embeddable":true,"href":"https:\/\/www.europesays.com\/pt\/wp-json\/wp\/v2\/tags?post=166661"}],"curies":[{"name":"wp","href":"https:\/\/api.w.org\/{rel}","templated":true}]}}