{"id":166671,"date":"2025-11-27T06:14:25","date_gmt":"2025-11-27T06:14:25","guid":{"rendered":"https:\/\/www.europesays.com\/pt\/166671\/"},"modified":"2025-11-27T06:14:25","modified_gmt":"2025-11-27T06:14:25","slug":"leandro-acorda-com-os-pes-de-fora-apos-picardia-com-pedro-concorrente-fala-sozinho-secret-story","status":"publish","type":"post","link":"https:\/\/www.europesays.com\/pt\/166671\/","title":{"rendered":"Leandro acorda \u2018com os p\u00e9s de fora\u2019? Ap\u00f3s picardia com Pedro, concorrente fala sozinho &#8211; Secret Story"},"content":{"rendered":"<p>No Secret Story 9, Leandro mostra-se de mau-humor ao acordar e entra numa picardia com Pedro, que provoca o amigo. Depois, Leandro fala sozinho no quarto.\u00a0<\/p>\n<p><a href=\"https:\/\/tvi.iol.pt\/secretstory\/bruno\/desistencia\/bruno-desiste-do-secret-story-9-apos-sancao-da-voz-e-deixa-colegas-em-choque\" rel=\"nofollow noopener\" target=\"_blank\">Bruno desiste do Secret Story 9 ap\u00f3s san\u00e7\u00e3o da Voz e deixa colegas em choque &#8211; Secret Story &#8211; TVI<\/a><\/p>\n<p><strong>Esta semana, h\u00e1 tr\u00eas concorrentes em risco de expuls\u00e3o j\u00e1 no pr\u00f3ximo domingo.<\/strong><\/p>\n<p>Vota\u00e7\u00e3o para salvar:<br \/>DYLAN \u2013 761 20 20 07<br \/>F\u00c1BIO \u2013 761 20 20 08<br \/>IN\u00caS \u2013 761 20 20 10<\/p>\n<p><a href=\"https:\/\/tvi.iol.pt\/secretstory\/aominuto\" rel=\"nofollow noopener\" target=\"_blank\">Acompanhe aqui tudo o que se passa no Secret Story 9!<\/a><\/p>\n","protected":false},"excerpt":{"rendered":"No Secret Story 9, Leandro mostra-se de mau-humor ao acordar e entra numa picardia com Pedro, que provoca&hellip;\n","protected":false},"author":2,"featured_media":166672,"comment_status":"","ping_status":"","sticky":false,"template":"","format":"standard","meta":{"footnotes":""},"categories":[142],"tags":[114,115,19033,12397,19034,14646,32,33,151,19032],"class_list":{"0":"post-166671","1":"post","2":"type-post","3":"status-publish","4":"format-standard","5":"has-post-thumbnail","7":"category-tv","8":"tag-entertainment","9":"tag-entretenimento","10":"tag-galas-em-video","11":"tag-leandro","12":"tag-melhores-momentos-casa-dos-segredos","13":"tag-pedro","14":"tag-portugal","15":"tag-pt","16":"tag-tv","17":"tag-videos-secret-story-tvi"},"share_on_mastodon":{"url":"https:\/\/pubeurope.com\/@pt\/115620194764982729","error":""},"_links":{"self":[{"href":"https:\/\/www.europesays.com\/pt\/wp-json\/wp\/v2\/posts\/166671","targetHints":{"allow":["GET"]}}],"collection":[{"href":"https:\/\/www.europesays.com\/pt\/wp-json\/wp\/v2\/posts"}],"about":[{"href":"https:\/\/www.europesays.com\/pt\/wp-json\/wp\/v2\/types\/post"}],"author":[{"embeddable":true,"href":"https:\/\/www.europesays.com\/pt\/wp-json\/wp\/v2\/users\/2"}],"replies":[{"embeddable":true,"href":"https:\/\/www.europesays.com\/pt\/wp-json\/wp\/v2\/comments?post=166671"}],"version-history":[{"count":0,"href":"https:\/\/www.europesays.com\/pt\/wp-json\/wp\/v2\/posts\/166671\/revisions"}],"wp:featuredmedia":[{"embeddable":true,"href":"https:\/\/www.europesays.com\/pt\/wp-json\/wp\/v2\/media\/166672"}],"wp:attachment":[{"href":"https:\/\/www.europesays.com\/pt\/wp-json\/wp\/v2\/media?parent=166671"}],"wp:term":[{"taxonomy":"category","embeddable":true,"href":"https:\/\/www.europesays.com\/pt\/wp-json\/wp\/v2\/categories?post=166671"},{"taxonomy":"post_tag","embeddable":true,"href":"https:\/\/www.europesays.com\/pt\/wp-json\/wp\/v2\/tags?post=166671"}],"curies":[{"name":"wp","href":"https:\/\/api.w.org\/{rel}","templated":true}]}}