{"id":166681,"date":"2025-11-27T06:35:08","date_gmt":"2025-11-27T06:35:08","guid":{"rendered":"https:\/\/www.europesays.com\/pt\/166681\/"},"modified":"2025-11-27T06:35:08","modified_gmt":"2025-11-27T06:35:08","slug":"apple-destrona-samsung-em-vendas-de-telemoveis-pela-primeira-vez-em-14-anos-2","status":"publish","type":"post","link":"https:\/\/www.europesays.com\/pt\/166681\/","title":{"rendered":"Apple destrona Samsung em vendas de telem\u00f3veis pela primeira vez em 14 anos"},"content":{"rendered":"<p>\t                Apple dever\u00e1 terminar o ano com uma quota de 19,4% no mercado global de \u2018smartphones\u2019<\/p>\n<p>A Apple vai ultrapassar em 2025 a Samsung no mercado de telem\u00f3veis pela primeira vez em 14 anos, gra\u00e7as a um aumento de 10% nas vendas do iPhone face ao ano anterior.<\/p>\n<p>Um estudo de mercado da Counterpoint Research publicado esta quinta-feira e citado pela CNBC indica que a Apple dever\u00e1 terminar o ano com uma quota de 19,4% no mercado global de \u2018smartphones\u2019, enquanto a Samsung dever\u00e1 ficar para tr\u00e1s, com 18,7%.<\/p>\n<p>Especificamente, a gigante norte-americana dever\u00e1 vender aproximadamente 243 milh\u00f5es de iPhones em todo o mundo este ano, informou a Counterpoint Research.<\/p>\n<p>Por regi\u00f5es, as vendas do novo iPhone 17 e do iPhone Air nos Estados Unidos, nas primeiras quatro semanas ap\u00f3s o lan\u00e7amento, foram 12% superiores \u00e0s da s\u00e9rie iPhone 16, excluindo o iPhone 16e.<\/p>\n<p>Na China, as vendas da s\u00e9rie iPhone 17 durante o mesmo per\u00edodo foram 18% superiores \u00e0s do seu antecessor, adiantou a mesma fonte. \u00a0<\/p>\n<p>&#8220;Para al\u00e9m da rece\u00e7\u00e3o muito positiva do mercado \u00e0 s\u00e9rie iPhone 17, o principal fator para a melhoria das previs\u00f5es de fornecimentos \u00e9 que o ciclo de substitui\u00e7\u00e3o atingiu o seu ponto de inflex\u00e3o. Os consumidores que compraram \u2018smartphones\u2019 durante a pandemia de COVID-19 est\u00e3o agora a entrar na fase de atualiza\u00e7\u00e3o&#8221;, afirmaram os analistas da empresa.<\/p>\n<p>A Samsung, por sua vez, pode enfrentar desafios nos segmentos de entrada e de gama m\u00e9dia do mercado de smartphones por parte dos fabricantes chineses, o que pode dificultar a capacidade da gigante sul-coreana de recuperar a lideran\u00e7a, acrescenta a Counterpoint.<\/p>\n","protected":false},"excerpt":{"rendered":"Apple dever\u00e1 terminar o ano com uma quota de 19,4% no mercado global de \u2018smartphones\u2019 A Apple vai&hellip;\n","protected":false},"author":2,"featured_media":166682,"comment_status":"","ping_status":"","sticky":false,"template":"","format":"standard","meta":{"footnotes":""},"categories":[84],"tags":[609,836,611,247,27,109,107,108,607,608,333,832,604,135,610,476,90,35128,301,830,603,570,831,833,62,834,13,835,602,52,32,33,952,105,103,104,106,110,29],"class_list":{"0":"post-166681","1":"post","2":"type-post","3":"status-publish","4":"format-standard","5":"has-post-thumbnail","7":"category-ciencia-e-tecnologia","8":"tag-alerta","9":"tag-analise","10":"tag-ao-minuto","11":"tag-apple","12":"tag-breaking-news","13":"tag-ciencia","14":"tag-ciencia-e-tecnologia","15":"tag-cienciaetecnologia","16":"tag-cnn","17":"tag-cnn-portugal","18":"tag-comentadores","19":"tag-costa","20":"tag-crime","21":"tag-desporto","22":"tag-direto","23":"tag-economia","24":"tag-empresas","25":"tag-estudo-de-mercado","26":"tag-governo","27":"tag-guerra","28":"tag-justica","29":"tag-live","30":"tag-mais-vistas","31":"tag-marcelo","32":"tag-mundo","33":"tag-negocios","34":"tag-noticias","35":"tag-opiniao","36":"tag-pais","37":"tag-politica","38":"tag-portugal","39":"tag-pt","40":"tag-samsung","41":"tag-science","42":"tag-science-and-technology","43":"tag-scienceandtechnology","44":"tag-technology","45":"tag-tecnologia","46":"tag-ultimas"},"share_on_mastodon":{"url":"","error":"Validation failed: Text character limit of 500 exceeded"},"_links":{"self":[{"href":"https:\/\/www.europesays.com\/pt\/wp-json\/wp\/v2\/posts\/166681","targetHints":{"allow":["GET"]}}],"collection":[{"href":"https:\/\/www.europesays.com\/pt\/wp-json\/wp\/v2\/posts"}],"about":[{"href":"https:\/\/www.europesays.com\/pt\/wp-json\/wp\/v2\/types\/post"}],"author":[{"embeddable":true,"href":"https:\/\/www.europesays.com\/pt\/wp-json\/wp\/v2\/users\/2"}],"replies":[{"embeddable":true,"href":"https:\/\/www.europesays.com\/pt\/wp-json\/wp\/v2\/comments?post=166681"}],"version-history":[{"count":0,"href":"https:\/\/www.europesays.com\/pt\/wp-json\/wp\/v2\/posts\/166681\/revisions"}],"wp:featuredmedia":[{"embeddable":true,"href":"https:\/\/www.europesays.com\/pt\/wp-json\/wp\/v2\/media\/166682"}],"wp:attachment":[{"href":"https:\/\/www.europesays.com\/pt\/wp-json\/wp\/v2\/media?parent=166681"}],"wp:term":[{"taxonomy":"category","embeddable":true,"href":"https:\/\/www.europesays.com\/pt\/wp-json\/wp\/v2\/categories?post=166681"},{"taxonomy":"post_tag","embeddable":true,"href":"https:\/\/www.europesays.com\/pt\/wp-json\/wp\/v2\/tags?post=166681"}],"curies":[{"name":"wp","href":"https:\/\/api.w.org\/{rel}","templated":true}]}}