{"id":166711,"date":"2025-11-27T07:15:14","date_gmt":"2025-11-27T07:15:14","guid":{"rendered":"https:\/\/www.europesays.com\/pt\/166711\/"},"modified":"2025-11-27T07:15:14","modified_gmt":"2025-11-27T07:15:14","slug":"nao-faz-parte-do-fc-porto","status":"publish","type":"post","link":"https:\/\/www.europesays.com\/pt\/166711\/","title":{"rendered":"n\u00e3o faz parte do FC Porto"},"content":{"rendered":"<p>&#8211; Advertisement &#8211;<\/p>\n<p><strong>Mart\u00edn Anselmi admitiu que Mois\u00e9s Caicedo foi o melhor jogador que orientou na sua carreira. Os dois coincidiram no Independiente del Valle.<\/strong><\/p>\n<p>Mart\u00edn Anselmi, treinador que j\u00e1 passou pelo FC Porto, elegeu o melhor jogador que orientou durante a sua carreira. O t\u00e9cnico argentino escolheu Mois\u00e9s Caicedo, que orientou no Independiente del Valle ainda numa fase precoce da sua carreira:<\/p>\n<p>\u00ab\u00c9 o melhor jogador que treinei. Desde o dia em que se estreou, no seu primeiro contacto, controlou a bola contra a linha, n\u00e3o entendo como se girou, como tirou dois jogadores de cima dele. Disse logo \u2018este tipo \u00e9 especial\u2019\u00bb.<\/p>\n<p>Mois\u00e9s Caicedo acabou por deixar o Independiende del Valle em 2020, para rumar ao Brighton. A transfer\u00eancia gerou 28 milh\u00f5es de euros. Atualmente joga no <a href=\"https:\/\/bolanarede.pt\/etiqueta\/chelsea\/\" rel=\"nofollow noopener\" target=\"_blank\">Chelsea<\/a> e esta temporada soma 17 encontros, com quatro golos e uma assist\u00eancia.<\/p>\n","protected":false},"excerpt":{"rendered":"&#8211; Advertisement &#8211; Mart\u00edn Anselmi admitiu que Mois\u00e9s Caicedo foi o melhor jogador que orientou na sua carreira.&hellip;\n","protected":false},"author":2,"featured_media":166712,"comment_status":"","ping_status":"","sticky":false,"template":"","format":"standard","meta":{"footnotes":""},"categories":[87],"tags":[260,904,135,282,7649,25045,32,33,134],"class_list":{"0":"post-166711","1":"post","2":"type-post","3":"status-publish","4":"format-standard","5":"has-post-thumbnail","7":"category-desporto","8":"tag-atualidade","9":"tag-chelsea","10":"tag-desporto","11":"tag-fc-porto","12":"tag-martin-anselmi","13":"tag-moises-caicedo","14":"tag-portugal","15":"tag-pt","16":"tag-sports"},"share_on_mastodon":{"url":"https:\/\/pubeurope.com\/@pt\/115620434619038359","error":""},"_links":{"self":[{"href":"https:\/\/www.europesays.com\/pt\/wp-json\/wp\/v2\/posts\/166711","targetHints":{"allow":["GET"]}}],"collection":[{"href":"https:\/\/www.europesays.com\/pt\/wp-json\/wp\/v2\/posts"}],"about":[{"href":"https:\/\/www.europesays.com\/pt\/wp-json\/wp\/v2\/types\/post"}],"author":[{"embeddable":true,"href":"https:\/\/www.europesays.com\/pt\/wp-json\/wp\/v2\/users\/2"}],"replies":[{"embeddable":true,"href":"https:\/\/www.europesays.com\/pt\/wp-json\/wp\/v2\/comments?post=166711"}],"version-history":[{"count":0,"href":"https:\/\/www.europesays.com\/pt\/wp-json\/wp\/v2\/posts\/166711\/revisions"}],"wp:featuredmedia":[{"embeddable":true,"href":"https:\/\/www.europesays.com\/pt\/wp-json\/wp\/v2\/media\/166712"}],"wp:attachment":[{"href":"https:\/\/www.europesays.com\/pt\/wp-json\/wp\/v2\/media?parent=166711"}],"wp:term":[{"taxonomy":"category","embeddable":true,"href":"https:\/\/www.europesays.com\/pt\/wp-json\/wp\/v2\/categories?post=166711"},{"taxonomy":"post_tag","embeddable":true,"href":"https:\/\/www.europesays.com\/pt\/wp-json\/wp\/v2\/tags?post=166711"}],"curies":[{"name":"wp","href":"https:\/\/api.w.org\/{rel}","templated":true}]}}