{"id":166717,"date":"2025-11-27T07:23:16","date_gmt":"2025-11-27T07:23:16","guid":{"rendered":"https:\/\/www.europesays.com\/pt\/166717\/"},"modified":"2025-11-27T07:23:16","modified_gmt":"2025-11-27T07:23:16","slug":"edu-guedes-revela-ter-criado-sorvete-especialmente-para-roberto-carlos","status":"publish","type":"post","link":"https:\/\/www.europesays.com\/pt\/166717\/","title":{"rendered":"Edu Guedes revela ter criado sorvete especialmente para Roberto Carlos"},"content":{"rendered":"<p class=\"bullet mt-0\" data-v-232111b4=\"\"><a href=\"https:\/\/www.uol.com.br\/splash\/noticias\/2025\/10\/16\/edu-guedes-liberado-treinos-cirurgia.htm\" rel=\"nofollow noopener\" target=\"_blank\">Edu Guedes<\/a>, 51, revelou que mant\u00e9m uma amizade de longa data com Roberto Carlos, 84.<\/p>\n<p>O que aconteceu<\/p>\n<p class=\"bullet\" data-v-232111b4=\"\"><strong>Dono de uma sorveteria, o apresentador contou ter criado sabores de sorvete especialmente para o cantor. <\/strong>&#8220;O Roberto Carlos, desde o come\u00e7o da minha carreira, \u00e9 uma pessoa que sempre esteve presente na minha vida. Ele ama sorvete! J\u00e1 fizemos v\u00e1rios sabores de sorvete especialmente para ele&#8221;, revelou o contratado da RedeTV!, durante bate-papo com a cantora Marina Elali, 43, em seu programa Fica com a Gente.<\/p>\n<p class=\"bullet\" data-v-232111b4=\"\"><strong>Edu tamb\u00e9m exp\u00f4s qual o sabor favorito do Rei. <\/strong>&#8220;Ele sempre gostou muito de um azul, que desde o come\u00e7o a gente faz e \u00e9 feito com algas.&#8221;<\/p>\n","protected":false},"excerpt":{"rendered":"Edu Guedes, 51, revelou que mant\u00e9m uma amizade de longa data com Roberto Carlos, 84. O que aconteceu&hellip;\n","protected":false},"author":2,"featured_media":166718,"comment_status":"","ping_status":"","sticky":false,"template":"","format":"standard","meta":{"footnotes":""},"categories":[145],"tags":[211,210,114,115,32,33],"class_list":{"0":"post-166717","1":"post","2":"type-post","3":"status-publish","4":"format-standard","5":"has-post-thumbnail","7":"category-celebridades","8":"tag-celebridades","9":"tag-celebrities","10":"tag-entertainment","11":"tag-entretenimento","12":"tag-portugal","13":"tag-pt"},"share_on_mastodon":{"url":"https:\/\/pubeurope.com\/@pt\/115620466058317483","error":""},"_links":{"self":[{"href":"https:\/\/www.europesays.com\/pt\/wp-json\/wp\/v2\/posts\/166717","targetHints":{"allow":["GET"]}}],"collection":[{"href":"https:\/\/www.europesays.com\/pt\/wp-json\/wp\/v2\/posts"}],"about":[{"href":"https:\/\/www.europesays.com\/pt\/wp-json\/wp\/v2\/types\/post"}],"author":[{"embeddable":true,"href":"https:\/\/www.europesays.com\/pt\/wp-json\/wp\/v2\/users\/2"}],"replies":[{"embeddable":true,"href":"https:\/\/www.europesays.com\/pt\/wp-json\/wp\/v2\/comments?post=166717"}],"version-history":[{"count":0,"href":"https:\/\/www.europesays.com\/pt\/wp-json\/wp\/v2\/posts\/166717\/revisions"}],"wp:featuredmedia":[{"embeddable":true,"href":"https:\/\/www.europesays.com\/pt\/wp-json\/wp\/v2\/media\/166718"}],"wp:attachment":[{"href":"https:\/\/www.europesays.com\/pt\/wp-json\/wp\/v2\/media?parent=166717"}],"wp:term":[{"taxonomy":"category","embeddable":true,"href":"https:\/\/www.europesays.com\/pt\/wp-json\/wp\/v2\/categories?post=166717"},{"taxonomy":"post_tag","embeddable":true,"href":"https:\/\/www.europesays.com\/pt\/wp-json\/wp\/v2\/tags?post=166717"}],"curies":[{"name":"wp","href":"https:\/\/api.w.org\/{rel}","templated":true}]}}