{"id":166725,"date":"2025-11-27T07:40:10","date_gmt":"2025-11-27T07:40:10","guid":{"rendered":"https:\/\/www.europesays.com\/pt\/166725\/"},"modified":"2025-11-27T07:40:10","modified_gmt":"2025-11-27T07:40:10","slug":"wilson-te-encenacao-triste-e-miseravel-de-sissoco-embalo-entrevista","status":"publish","type":"post","link":"https:\/\/www.europesays.com\/pt\/166725\/","title":{"rendered":"Wilson T\u00e9: \u201cEncena\u00e7\u00e3o triste e miser\u00e1vel de Sissoco Embal\u00f3\u201d | Entrevista"},"content":{"rendered":"<p>Para Wilson T\u00e9, investigador guineense do Instituto Portugu\u00eas de Rela\u00e7\u00f5es Internacionais, este alegado golpe nada mais \u00e9 do que a tentativa de um Presidente em se agarrar ao poder, usando uma manobra desesperada para escapar a uma derrota \u201chumilhante\u201d numas elei\u00e7\u00f5es que foram preparadas para ele ganhar.<\/p>\n<p><strong>O que pensa de tudo o que est\u00e1 a acontecer Bissau, com este alegado golpe de Estado?<\/strong><br \/>Os acontecimentos em Bissau derivam de um conjunto de factores que j\u00e1 vinham aparecendo no cen\u00e1rio pol\u00edtico guineense de h\u00e1 um tempo para c\u00e1 e que culminam naquilo que estamos a viver. Porque temos um regime agarrado ao poder, um regime que o povo j\u00e1 n\u00e3o quer mais, mas que usa todos os meios poss\u00edveis para se poder manter no poder. Desde o in\u00edcio que o \u00fanico discurso deste regime \u00e9 tentativa de golpe de Estado, tentativa de golpe de Estado, tentativa de golpe de Estado, agora, ao estarem cientes que perderam as elei\u00e7\u00f5es de forma humilhante, decidem optar pela \u00fanica forma de interromper todo o processo, encenando uma tentativa de golpe.<\/p>\n<p><strong>Para si, isto foi tudo orquestrado pelo Presidente Umaro Sissoco Embal\u00f3 para se manter no poder face \u00e0 derrota nas elei\u00e7\u00f5es presidenciais de domingo?<\/strong><br \/>Sim, sim, foi ele. O primeiro \u00f3rg\u00e3o de not\u00edcias que divulgou as informa\u00e7\u00f5es do alegado golpe foi a Jeune Afrique e as informa\u00e7\u00f5es que temos das pessoas ligadas a esse meio \u00e9 que foi o pr\u00f3prio Sissoco Embal\u00f3 a telefonar para explicar tudo o que estava a acontecer. Foi uma encena\u00e7\u00e3o, porque este processo eleitoral veio demonstrar que o povo est\u00e1 farto deste regime. Eu votei em Portugal, em Albufeira, por volta das 16h30 e havia pessoal que tinha votado de manh\u00e3 e ainda l\u00e1 estava, \u00e0 espera at\u00e9 ao fim do dia, para presenciar a contagem de votos. Como \u00e9 poss\u00edvel o processo eleitoral acontecer num domingo e a Comiss\u00e3o Nacional de Elei\u00e7\u00f5es s\u00f3 anunciar os resultados provis\u00f3rios na quinta-feira?! S\u00e3o manobras a que este regime j\u00e1 nos acostumou, tentando a todo o custo controlar as institui\u00e7\u00f5es para poderem fazer o que queriam. S\u00f3 que o povo n\u00e3o se deixou cair nessa armadilha. O povo estava l\u00e1, vigilante, cada um querendo fazer com que o seu voto fosse respeitado. Ent\u00e3o, a \u00fanica solu\u00e7\u00e3o de Sissoco Embal\u00f3 foi fazer essa encena\u00e7\u00e3o triste e miser\u00e1vel, colocando o nome do pa\u00eds nas not\u00edcias internacionais de forma pejorativa.<\/p>\n<p>        &#13;<\/p>\n<p>&#13;<br \/>\n                &#13;\n            <\/p>\n<p>&#13;<\/p>\n<p><strong>E o que \u00e9 que poder\u00e1 acontecer agora?<\/strong><br \/>Vamos, talvez, passar por uma transi\u00e7\u00e3o. N\u00e3o sei por quanto tempo, um ano ou dois. Depois o processo eleitoral vai ter de recome\u00e7ar de novo. Agora o que vai acontecer com os ditos detidos, como Embal\u00f3, que disse que foi detido, n\u00e3o se sabe, mas nas pr\u00f3ximas horas, at\u00e9 amanh\u00e3, vamos ter uma clareza sobre a situa\u00e7\u00e3o. Mas o caos est\u00e1 instalado no pa\u00eds. Agora, esse povo que vive com medo, esse povo que vem sofrendo \u2013 n\u00e3o h\u00e1 hospital, n\u00e3o h\u00e1 escola, falta muita coisa \u2013, esse povo n\u00e3o merece continuar a viver nesse sofrimento. Por isso, decidiram votar como decidiram. E os lugares onde os apoiantes de Sissoco Embal\u00f3 acreditavam que iam ganhar, perderam. Por exemplo, no Biombo, a regi\u00e3o onde eu nasci, eles estavam convencidos que iam ganhar, porque o ministro das Finan\u00e7as [Il\u00eddio Vieira T\u00e9] levava dinheiro, fazia investimento, oferecia bens materiais ao povo, perderam por 10.400 votos, voc\u00ea acredita? \u00c9 porque o povo n\u00e3o quer e quando o povo n\u00e3o quer, tem de, simplesmente, sair. J\u00e1 fez cinco anos, sai e prepara-se melhor para voltar. S\u00f3 que em \u00c1frica h\u00e1 esse problema, as pessoas agarram-se ao poder e n\u00e3o querem sair. Esse \u00e9 um dos maiores problemas de \u00c1frica.<\/p>\n","protected":false},"excerpt":{"rendered":"Para Wilson T\u00e9, investigador guineense do Instituto Portugu\u00eas de Rela\u00e7\u00f5es Internacionais, este alegado golpe nada mais \u00e9 do&hellip;\n","protected":false},"author":2,"featured_media":166726,"comment_status":"","ping_status":"","sticky":false,"template":"","format":"standard","meta":{"footnotes":""},"categories":[8],"tags":[27,28,11423,1705,15,16,11134,14,25,26,21,22,62,12,13,19,20,32,23,24,33,17,18,29,30,31,35130],"class_list":{"0":"post-166725","1":"post","2":"type-post","3":"status-publish","4":"format-standard","5":"has-post-thumbnail","7":"category-principais-noticias","8":"tag-breaking-news","9":"tag-breakingnews","10":"tag-comissao-nacional-de-eleicoes","11":"tag-eleicoes-presidenciais","12":"tag-featured-news","13":"tag-featurednews","14":"tag-guine-bissau","15":"tag-headlines","16":"tag-latest-news","17":"tag-latestnews","18":"tag-main-news","19":"tag-mainnews","20":"tag-mundo","21":"tag-news","22":"tag-noticias","23":"tag-noticias-principais","24":"tag-noticiasprincipais","25":"tag-portugal","26":"tag-principais-noticias","27":"tag-principaisnoticias","28":"tag-pt","29":"tag-top-stories","30":"tag-topstories","31":"tag-ultimas","32":"tag-ultimas-noticias","33":"tag-ultimasnoticias","34":"tag-umaro-sissoco-embalo"},"share_on_mastodon":{"url":"https:\/\/pubeurope.com\/@pt\/115620532909557746","error":""},"_links":{"self":[{"href":"https:\/\/www.europesays.com\/pt\/wp-json\/wp\/v2\/posts\/166725","targetHints":{"allow":["GET"]}}],"collection":[{"href":"https:\/\/www.europesays.com\/pt\/wp-json\/wp\/v2\/posts"}],"about":[{"href":"https:\/\/www.europesays.com\/pt\/wp-json\/wp\/v2\/types\/post"}],"author":[{"embeddable":true,"href":"https:\/\/www.europesays.com\/pt\/wp-json\/wp\/v2\/users\/2"}],"replies":[{"embeddable":true,"href":"https:\/\/www.europesays.com\/pt\/wp-json\/wp\/v2\/comments?post=166725"}],"version-history":[{"count":0,"href":"https:\/\/www.europesays.com\/pt\/wp-json\/wp\/v2\/posts\/166725\/revisions"}],"wp:featuredmedia":[{"embeddable":true,"href":"https:\/\/www.europesays.com\/pt\/wp-json\/wp\/v2\/media\/166726"}],"wp:attachment":[{"href":"https:\/\/www.europesays.com\/pt\/wp-json\/wp\/v2\/media?parent=166725"}],"wp:term":[{"taxonomy":"category","embeddable":true,"href":"https:\/\/www.europesays.com\/pt\/wp-json\/wp\/v2\/categories?post=166725"},{"taxonomy":"post_tag","embeddable":true,"href":"https:\/\/www.europesays.com\/pt\/wp-json\/wp\/v2\/tags?post=166725"}],"curies":[{"name":"wp","href":"https:\/\/api.w.org\/{rel}","templated":true}]}}