{"id":166747,"date":"2025-11-27T08:09:14","date_gmt":"2025-11-27T08:09:14","guid":{"rendered":"https:\/\/www.europesays.com\/pt\/166747\/"},"modified":"2025-11-27T08:09:14","modified_gmt":"2025-11-27T08:09:14","slug":"cientistas-terao-visto-materia-escura-pela-primeira-vez","status":"publish","type":"post","link":"https:\/\/www.europesays.com\/pt\/166747\/","title":{"rendered":"Cientistas ter\u00e3o visto mat\u00e9ria escura pela primeira vez"},"content":{"rendered":"<p class=\"wp-caption-text top\"><a href=\"https:\/\/www.u-tokyo.ac.jp\/focus\/en\/press\/z0508_00433.html\" rel=\"nofollow external noopener noreferrer\" data-wpel-link=\"external\" target=\"_blank\" class=\"ext-link\">Tomonori Totani\/University of Tokyo <\/a><\/p>\n<p><img decoding=\"async\" loading=\"lazy\" class=\"wp-image-713700 size-kopa-image-size-3\" src=\"https:\/\/www.europesays.com\/pt\/wp-content\/uploads\/2025\/11\/48fc500465ace93b7bc761f81bc4261b-783x450.png\" alt=\"\" width=\"700\" height=\"402\"  \/><\/p>\n<p class=\"wp-caption-text bot\">Imagem de raios gama do halo da Via L\u00e1ctea.<\/p>\n<p><strong>Astr\u00f3nomos detetaram brilho que consideram poder ser primeiro sinal de mat\u00e9ria escura. A confirmar-se, este poder\u00e1 representar um passo hist\u00f3rico rumo \u00e0 identifica\u00e7\u00e3o de um dos maiores enigmas da cosmologia.<br \/><\/strong><\/p>\n<p>Um brilho ainda inexplicado de raios gama detetado nas regi\u00f5es exteriores da Via L\u00e1ctea pode constituir a primeira pista direta sobre do que \u00e9 feita a mat\u00e9ria escura, um dos maiores enigmas da cosmologia moderna.<\/p>\n<p>Pensa-se que a mat\u00e9ria escura representa cerca de 85% de toda a massa do Universo, mas as part\u00edculas que a comp\u00f5em nunca foram detetadas diretamente. Sabemos que existe sobretudo pelos seus efeitos gravitacionais na rota\u00e7\u00e3o das gal\u00e1xias e na forma como desvia a luz.<\/p>\n<p>Um dos principais candidatos para explicar esta componente invis\u00edvel s\u00e3o as chamadas part\u00edculas massivas de intera\u00e7\u00e3o fraca, conhecidas pela sigla inglesa <strong>WIMP<\/strong>. Estas part\u00edculas, se existirem, praticamente n\u00e3o interagem com a mat\u00e9ria normal, o que torna a sua dete\u00e7\u00e3o extremamente dif\u00edcil. Mas modelos te\u00f3ricos sugerem que, de vez em quando, duas WIMPs podem autodestruir-se mutuamente, produzindo um pequeno \u201cflash\u201d de radia\u00e7\u00e3o de alta energia sob a forma de raios gama, explica a <a href=\"https:\/\/www.newscientist.com\/article\/2505811-we-might-have-just-seen-the-first-hints-of-dark-matter\/\" data-wpel-link=\"external\" target=\"_blank\" rel=\"nofollow external noopener noreferrer\" class=\"ext-link\">New Scientist<\/a>.<\/p>\n<p>Se a mat\u00e9ria escura estiver de facto distribu\u00edda por toda a gal\u00e1xia e for formada por WIMPs, o c\u00e9u deveria mostrar um brilho difuso de raios gama resultante dessas auto-aniquila\u00e7\u00f5es. H\u00e1 mais de uma d\u00e9cada que os astr\u00f3nomos discutem se um excesso de raios gama observado no centro da Via L\u00e1ctea poderia ser essa assinatura, mas at\u00e9 agora as an\u00e1lises n\u00e3o foram conclusivas.<\/p>\n<p>Agora, <strong>Tomonori Totani<\/strong>, da Universidade de T\u00f3quio, afirma em estudo <a href=\"https:\/\/iopscience.iop.org\/article\/10.1088\/1475-7516\/2025\/11\/080\" data-wpel-link=\"external\" target=\"_blank\" rel=\"nofollow external noopener noreferrer\" class=\"ext-link\">publicado<\/a> esta ter\u00e7a-feira ter encontrado um sinal semelhante, n\u00e3o no centro da gal\u00e1xia, mas no seu halo exterior.<\/p>\n<p>O investigador analisou<strong> 15 anos de dados<\/strong> do Telesc\u00f3pio Espacial de Raios Gama Fermi, da NASA, concentrando-se nas zonas perif\u00e9ricas da Via L\u00e1ctea. Totani come\u00e7ou por construir um modelo detalhado de toda a radia\u00e7\u00e3o de raios gama que seria de esperar naquela regi\u00e3o, tendo em conta fontes conhecidas: estrelas, raios c\u00f3smicos e grandes bolhas de radia\u00e7\u00e3o observadas acima e abaixo do disco gal\u00e1ctico. Depois, subtraiu essa contribui\u00e7\u00e3o \u00e0 radia\u00e7\u00e3o efetivamente medida pelo Fermi.<\/p>\n<p>O resultado foi um brilho residual de raios gama, com energias em torno dos 20 gigaeletr\u00e3o-volts \u2014 um valor que encaixa bem na gama de energias que se espera de part\u00edculas WIMP a auto-aniquilarem-se, sustenta o investigador, que considera este sinal <strong>\u201co candidato mais promissor de radia\u00e7\u00e3o proveniente de mat\u00e9ria escura conhecido at\u00e9 \u00e0 data\u201d<\/strong>.<\/p>\n<p>Se at\u00e9 Totani reagiu com ceticismo aos resultados que apurou, tamb\u00e9m outros especialistas pedem prud\u00eancia. Francesca Calore, do Centro Nacional de Investiga\u00e7\u00e3o Cient\u00edfica em Annecy, Fran\u00e7a, considera que o resultado merece um estudo aprofundado, mas alerta que \u00e9 \u201c<strong>prematuro<\/strong>\u201d associ\u00e1-lo j\u00e1 \u00e0 mat\u00e9ria escura. Modelar com precis\u00e3o todas as fontes \u201cnormais\u201d de raios gama na Via L\u00e1ctea \u00e9 extremamente dif\u00edcil, e os modelos usados n\u00e3o foram testados at\u00e9 ao limite.<\/p>\n<p>Silvia Manconi, da Sorbonne, partilha as reservas e sublinha que ainda n\u00e3o se observaram sinais equivalentes em outras regi\u00f5es onde tamb\u00e9m se esperaria mat\u00e9ria escura, como certas gal\u00e1xias an\u00e3s sat\u00e9lite da Via L\u00e1ctea. \u00c9 uma aus\u00eancia ter\u00e1 de ser explicada.<\/p>\n<p>Anthony Brown, da Universidade de Durham, no Reino Unido, lembra que para confirmar um sinal deste tipo \u00e9 preciso cruzar dados de m\u00faltiplas formas de radia\u00e7\u00e3o, como ondas de r\u00e1dio e neutrinos, para excluir outras causas poss\u00edveis.<\/p>\n<p>Totani refor\u00e7a que a interpreta\u00e7\u00e3o ainda \u00e9 <strong>provis\u00f3ria<\/strong>. Conta que, quando viu o poss\u00edvel sinal pela primeira vez, reagiu com ceticismo e s\u00f3 ganhou confian\u00e7a depois de rever minuciosamente os c\u00e1lculos. A hip\u00f3tese \u00e9 entusiasmante, mas os cientistas sublinham que ainda \u00e9 cedo para tirar conclus\u00f5es firmes.<\/p>\n<p>Ainda no m\u00eas passado, noticiou o ZAP, outros investigadores <a href=\"https:\/\/zap.aeiou.pt\/brilho-misterioso-na-via-lactea-pode-ser-uma-evidencia-de-materia-escura-707732\" data-wpel-link=\"internal\" rel=\"nofollow noopener\" target=\"_blank\">identificaram<\/a> o que poder\u00e1 ser uma pista convincente na ca\u00e7a em curso para provar a exist\u00eancia da mat\u00e9ria escura, em <a class=\"ext-link\" href=\"https:\/\/journals.aps.org\/prl\/abstract\/10.1103\/g9qz-h8wd\" target=\"_blank\" rel=\"nofollow external noopener noreferrer\" data-wpel-link=\"external\">estudo<\/a> publicado na Physical Review Letters.<\/p>\n<p>    <a href=\"https:\/\/zap.aeiou.pt\/subscrever-newsletter\" data-wpel-link=\"internal\" rel=\"nofollow noopener\" target=\"_blank\">&#13;<br \/>\n        <img loading=\"lazy\" decoding=\"async\" class=\"aligncenter size-full wp-image-575475\" src=\"https:\/\/www.europesays.com\/pt\/wp-content\/uploads\/2025\/11\/2d51fe4a0ba54894421ead1809309ed9-1-450x140.jpg\" alt=\"Subscreva a Newsletter ZAP\" width=\"450\" height=\"140\"\/>&#13;<br \/>\n    <\/a><\/p>\n<p>                <a href=\"https:\/\/whatsapp.com\/channel\/0029VaIC4EE2f3EJZPPSbR34\" data-wpel-link=\"external\" target=\"_blank\" rel=\"nofollow external noopener noreferrer\" class=\"ext-link\">&#13;<br \/>\n                    <img loading=\"lazy\" decoding=\"async\" class=\"aligncenter size-full wp-image-575475\" src=\"https:\/\/www.europesays.com\/pt\/wp-content\/uploads\/2025\/11\/c68c559d956d4ca20f435ed74a6e71e6.png\" alt=\"Siga-nos no WhatsApp\" width=\"175\" height=\"64\"\/>&#13;<br \/>\n                <\/a><\/p>\n<p>                <a href=\"https:\/\/news.google.com\/publications\/CAAiEHRwZondIV71PDjWNoqMduEqFAgKIhB0cGaJ3SFe9Tw41jaKjHbh?hl=en-US&amp;gl=US&amp;ceid=US%3Aen\" data-wpel-link=\"external\" target=\"_blank\" rel=\"nofollow external noopener noreferrer\" class=\"ext-link\">&#13;<br \/>\n                    <img loading=\"lazy\" decoding=\"async\" class=\"aligncenter size-full wp-image-575475\" src=\"https:\/\/www.europesays.com\/pt\/wp-content\/uploads\/2025\/11\/5123dd8b087b644fdb8f8603acd1bad4.png\" alt=\"Siga-nos no Google News\" width=\"176\" height=\"64\"\/>&#13;<br \/>\n                <\/a><\/p>\n","protected":false},"excerpt":{"rendered":"Tomonori Totani\/University of Tokyo Imagem de raios gama do halo da Via L\u00e1ctea. Astr\u00f3nomos detetaram brilho que consideram&hellip;\n","protected":false},"author":2,"featured_media":166748,"comment_status":"","ping_status":"","sticky":false,"template":"","format":"standard","meta":{"footnotes":""},"categories":[84],"tags":[122,443,269,109,107,108,4244,121,32,33,105,103,104,106,110,4248],"class_list":{"0":"post-166747","1":"post","2":"type-post","3":"status-publish","4":"format-standard","5":"has-post-thumbnail","7":"category-ciencia-e-tecnologia","8":"tag-astrofisica","9":"tag-astronomia","10":"tag-capa","11":"tag-ciencia","12":"tag-ciencia-e-tecnologia","13":"tag-cienciaetecnologia","14":"tag-cosmologia","15":"tag-fisica","16":"tag-portugal","17":"tag-pt","18":"tag-science","19":"tag-science-and-technology","20":"tag-scienceandtechnology","21":"tag-technology","22":"tag-tecnologia","23":"tag-via-lactea"},"share_on_mastodon":{"url":"https:\/\/pubeurope.com\/@pt\/115620647446508430","error":""},"_links":{"self":[{"href":"https:\/\/www.europesays.com\/pt\/wp-json\/wp\/v2\/posts\/166747","targetHints":{"allow":["GET"]}}],"collection":[{"href":"https:\/\/www.europesays.com\/pt\/wp-json\/wp\/v2\/posts"}],"about":[{"href":"https:\/\/www.europesays.com\/pt\/wp-json\/wp\/v2\/types\/post"}],"author":[{"embeddable":true,"href":"https:\/\/www.europesays.com\/pt\/wp-json\/wp\/v2\/users\/2"}],"replies":[{"embeddable":true,"href":"https:\/\/www.europesays.com\/pt\/wp-json\/wp\/v2\/comments?post=166747"}],"version-history":[{"count":0,"href":"https:\/\/www.europesays.com\/pt\/wp-json\/wp\/v2\/posts\/166747\/revisions"}],"wp:featuredmedia":[{"embeddable":true,"href":"https:\/\/www.europesays.com\/pt\/wp-json\/wp\/v2\/media\/166748"}],"wp:attachment":[{"href":"https:\/\/www.europesays.com\/pt\/wp-json\/wp\/v2\/media?parent=166747"}],"wp:term":[{"taxonomy":"category","embeddable":true,"href":"https:\/\/www.europesays.com\/pt\/wp-json\/wp\/v2\/categories?post=166747"},{"taxonomy":"post_tag","embeddable":true,"href":"https:\/\/www.europesays.com\/pt\/wp-json\/wp\/v2\/tags?post=166747"}],"curies":[{"name":"wp","href":"https:\/\/api.w.org\/{rel}","templated":true}]}}