{"id":166777,"date":"2025-11-27T08:37:12","date_gmt":"2025-11-27T08:37:12","guid":{"rendered":"https:\/\/www.europesays.com\/pt\/166777\/"},"modified":"2025-11-27T08:37:12","modified_gmt":"2025-11-27T08:37:12","slug":"musgo-sobreviveu-9-meses-no-espaco-e-continua-vivo-na-terra","status":"publish","type":"post","link":"https:\/\/www.europesays.com\/pt\/166777\/","title":{"rendered":"Musgo sobreviveu 9 meses no Espa\u00e7o (e continua vivo na Terra)"},"content":{"rendered":"<p class=\"wp-caption-text top\"><a href=\"https:\/\/www.nasa.gov\/sites\/default\/files\/thumbnails\/image\/iss056e201248.jpg\" rel=\"nofollow external noopener noreferrer\" data-wpel-link=\"external\" target=\"_blank\" class=\"ext-link\">NASA \/ Roscosmos<\/a><\/p>\n<p><img decoding=\"async\" loading=\"lazy\" class=\"size-large wp-image-357616\" src=\"https:\/\/www.europesays.com\/pt\/wp-content\/uploads\/2025\/11\/1764232630_147_0eb2d67319539778285b6e232324e634-1024x683.jpg\" alt=\"\" width=\"700\" height=\"467\"  \/><\/p>\n<p class=\"wp-caption-text bot\">Esta\u00e7\u00e3o Espacial Internacional<\/p>\n<p><strong>Uma experi\u00eancia mostrou que o musgo viveu 283 dias no exterior da Esta\u00e7\u00e3o Espacial Internacional e um modelo matem\u00e1tico estima que poderia sobreviver at\u00e9 15 anos nas condi\u00e7\u00f5es in\u00f3spitas do Espa\u00e7o.<\/strong><\/p>\n<p>Os musgos conquistaram alguns dos ambientes mais in\u00f3spitos da Terra muito antes da chegada dos humanos. Agarram-se aos picos dos Himalaias, espalham-se pelo gelo da Ant\u00e1rtida e colonizam a lava vulc\u00e2nica recente. Estas plantas ancestrais, entre as primeiras a migrar da \u00e1gua para a terra h\u00e1 500 milh\u00f5es de anos,<strong> sobreviveram a m\u00faltiplas extin\u00e7\u00f5es<\/strong> em massa gra\u00e7as \u00e0 sua resili\u00eancia.<\/p>\n<p>O investigador Tomomichi Fujita, da Universidade de Hokkaido, questionou-se se esta resili\u00eancia se estendia para al\u00e9m da atmosfera terrestre, pelo que enviou musgos para o ambiente extremo definitivo: <strong>o v\u00e1cuo do Espa\u00e7o<\/strong>.<\/p>\n<p>O Espa\u00e7o \u00e9 espetacularmente hostil \u00e0 vida. O v\u00e1cuo faria ferver o sangue humano. A radia\u00e7\u00e3o c\u00f3smica atravessa as c\u00e9lulas desprotegidas. As temperaturas oscilam drasticamente entre os extremos. A luz ultravioleta solar n\u00e3o filtrada decomp\u00f5e as mol\u00e9culas org\u00e2nicas com uma efici\u00eancia implac\u00e1vel. A maioria dos organismos, incluindo os humanos, <strong>morreria em segundos<\/strong> ap\u00f3s a exposi\u00e7\u00e3o.<\/p>\n<p>A experi\u00eancia de enviar musgos para o Espa\u00e7o parece absurdamente simples. Em mar\u00e7o de 2022, centenas de espor\u00f3fitos de musgo, min\u00fasculas c\u00e1psulas contendo esporos reprodutivos, foram lan\u00e7ados para a Esta\u00e7\u00e3o Espacial Internacional a bordo de uma nave espacial de carga Cygnus. Os astronautas<strong> fixaram as amostras no exterior da esta\u00e7\u00e3o<\/strong>, onde permaneceram totalmente expostas ao espa\u00e7o durante 283 dias antes de regressarem \u00e0 Terra em janeiro de 2023. Sem prote\u00e7\u00e3o, sem blindagem, apenas o musgo contra o universo.<\/p>\n<p>O musgo n\u00e3o s\u00f3 sobreviveu. Mais de 80% dos esporos<strong> regressaram vivos<\/strong>, e todos, exceto 11% dos sobreviventes, germinaram com sucesso em laborat\u00f3rio, transformando-se em novas plantas de musgo saud\u00e1veis. Os n\u00edveis de clorofila permaneceram praticamente normais, com apenas uma modesta redu\u00e7\u00e3o de 20% num composto fotossens\u00edvel, que n\u00e3o afetou a sa\u00fade geral dos esporos.<\/p>\n<p>Antes de enviar o musgo para \u00f3rbita, a equipa de Fujita realizou extensos testes no solo utilizando musgo terrestre rasteiro, uma esp\u00e9cie bem estudada pela sua gen\u00e9tica e desenvolvimento. Submeteram musgos jovens, c\u00e9lulas estaminais especializadas em resposta ao stress e espor\u00f3fitos a condi\u00e7\u00f5es espaciais simuladas. Os musgos jovens <strong>morreram rapidamente<\/strong>. As c\u00e9lulas estaminais sa\u00edram-se melhor, mas ainda apresentaram uma elevada mortalidade. Os espor\u00f3fitos revelaram-se notavelmente resistentes, demonstrando uma toler\u00e2ncia \u00e0 radia\u00e7\u00e3o ultravioleta cerca de 1000 vezes superior \u00e0 de outras partes do musgo.<\/p>\n<p>Esta vantagem protetora prov\u00e9m da estrutura que envolve o esporo, que atua como <strong>barreira f\u00edsica e escudo qu\u00edmico<\/strong>, absorvendo a radia\u00e7\u00e3o nociva antes que esta atinja o material gen\u00e9tico vulner\u00e1vel no seu interior. Esta adapta\u00e7\u00e3o permitiu provavelmente que as bri\u00f3fitas, o grupo de plantas que inclui os musgos, colonizassem a terra h\u00e1 500 milh\u00f5es de anos e sobrevivessem a eventos de extin\u00e7\u00e3o subsequentes.<\/p>\n<p>Utilizando dados da miss\u00e3o, os investigadores constru\u00edram um modelo matem\u00e1tico que prev\u00ea que estes esporos poder\u00e3o sobreviver durante <strong>aproximadamente 5600 dias no Espa\u00e7o<\/strong>, cerca de 15 anos, embora sublinhem que esta \u00e9 ainda uma estimativa aproximada que requer mais dados.<\/p>\n<p>    <a href=\"https:\/\/zap.aeiou.pt\/subscrever-newsletter\" data-wpel-link=\"internal\" rel=\"nofollow noopener\" target=\"_blank\">&#13;<br \/>\n        <img loading=\"lazy\" decoding=\"async\" class=\"aligncenter size-full wp-image-575475\" src=\"https:\/\/www.europesays.com\/pt\/wp-content\/uploads\/2025\/11\/2d51fe4a0ba54894421ead1809309ed9-1-450x140.jpg\" alt=\"Subscreva a Newsletter ZAP\" width=\"450\" height=\"140\"\/>&#13;<br \/>\n    <\/a><\/p>\n<p>                <a href=\"https:\/\/whatsapp.com\/channel\/0029VaIC4EE2f3EJZPPSbR34\" data-wpel-link=\"external\" target=\"_blank\" rel=\"nofollow external noopener noreferrer\" class=\"ext-link\">&#13;<br \/>\n                    <img loading=\"lazy\" decoding=\"async\" class=\"aligncenter size-full wp-image-575475\" src=\"https:\/\/www.europesays.com\/pt\/wp-content\/uploads\/2025\/11\/c68c559d956d4ca20f435ed74a6e71e6.png\" alt=\"Siga-nos no WhatsApp\" width=\"175\" height=\"64\"\/>&#13;<br \/>\n                <\/a><\/p>\n<p>                <a href=\"https:\/\/news.google.com\/publications\/CAAiEHRwZondIV71PDjWNoqMduEqFAgKIhB0cGaJ3SFe9Tw41jaKjHbh?hl=en-US&amp;gl=US&amp;ceid=US%3Aen\" data-wpel-link=\"external\" target=\"_blank\" rel=\"nofollow external noopener noreferrer\" class=\"ext-link\">&#13;<br \/>\n                    <img loading=\"lazy\" decoding=\"async\" class=\"aligncenter size-full wp-image-575475\" src=\"https:\/\/www.europesays.com\/pt\/wp-content\/uploads\/2025\/11\/5123dd8b087b644fdb8f8603acd1bad4.png\" alt=\"Siga-nos no Google News\" width=\"176\" height=\"64\"\/>&#13;<br \/>\n                <\/a><\/p>\n","protected":false},"excerpt":{"rendered":"NASA \/ Roscosmos Esta\u00e7\u00e3o Espacial Internacional Uma experi\u00eancia mostrou que o musgo viveu 283 dias no exterior da&hellip;\n","protected":false},"author":2,"featured_media":147638,"comment_status":"","ping_status":"","sticky":false,"template":"","format":"standard","meta":{"footnotes":""},"categories":[84],"tags":[4614,109,107,108,1008,32,33,105,103,104,106,110],"class_list":{"0":"post-166777","1":"post","2":"type-post","3":"status-publish","4":"format-standard","5":"has-post-thumbnail","7":"category-ciencia-e-tecnologia","8":"tag-biologia","9":"tag-ciencia","10":"tag-ciencia-e-tecnologia","11":"tag-cienciaetecnologia","12":"tag-espaco","13":"tag-portugal","14":"tag-pt","15":"tag-science","16":"tag-science-and-technology","17":"tag-scienceandtechnology","18":"tag-technology","19":"tag-tecnologia"},"share_on_mastodon":{"url":"https:\/\/pubeurope.com\/@pt\/115620757386648427","error":""},"_links":{"self":[{"href":"https:\/\/www.europesays.com\/pt\/wp-json\/wp\/v2\/posts\/166777","targetHints":{"allow":["GET"]}}],"collection":[{"href":"https:\/\/www.europesays.com\/pt\/wp-json\/wp\/v2\/posts"}],"about":[{"href":"https:\/\/www.europesays.com\/pt\/wp-json\/wp\/v2\/types\/post"}],"author":[{"embeddable":true,"href":"https:\/\/www.europesays.com\/pt\/wp-json\/wp\/v2\/users\/2"}],"replies":[{"embeddable":true,"href":"https:\/\/www.europesays.com\/pt\/wp-json\/wp\/v2\/comments?post=166777"}],"version-history":[{"count":0,"href":"https:\/\/www.europesays.com\/pt\/wp-json\/wp\/v2\/posts\/166777\/revisions"}],"wp:featuredmedia":[{"embeddable":true,"href":"https:\/\/www.europesays.com\/pt\/wp-json\/wp\/v2\/media\/147638"}],"wp:attachment":[{"href":"https:\/\/www.europesays.com\/pt\/wp-json\/wp\/v2\/media?parent=166777"}],"wp:term":[{"taxonomy":"category","embeddable":true,"href":"https:\/\/www.europesays.com\/pt\/wp-json\/wp\/v2\/categories?post=166777"},{"taxonomy":"post_tag","embeddable":true,"href":"https:\/\/www.europesays.com\/pt\/wp-json\/wp\/v2\/tags?post=166777"}],"curies":[{"name":"wp","href":"https:\/\/api.w.org\/{rel}","templated":true}]}}