{"id":166787,"date":"2025-11-27T08:52:10","date_gmt":"2025-11-27T08:52:10","guid":{"rendered":"https:\/\/www.europesays.com\/pt\/166787\/"},"modified":"2025-11-27T08:52:10","modified_gmt":"2025-11-27T08:52:10","slug":"ameijoas-ostras-e-muito-mais-astronautas-da-iss-abandonam-o-dia-de-acao-de-gracas-da-period-apollo-desfrute-de-uma-refeicao-especial-de-feriado","status":"publish","type":"post","link":"https:\/\/www.europesays.com\/pt\/166787\/","title":{"rendered":"Am\u00eaijoas, ostras e muito mais: astronautas da ISS abandonam o Dia de A\u00e7\u00e3o de Gra\u00e7as da period Apollo; desfrute de uma refei\u00e7\u00e3o especial de feriado"},"content":{"rendered":"<p>        <a href=\"https:\/\/www.europesays.com\/pt\/wp-content\/uploads\/2025\/11\/1280720-3.jpg\" data-caption=\"\"><img loading=\"lazy\" decoding=\"async\" width=\"400\" height=\"225\" class=\"entry-thumb td-modal-image\" src=\"https:\/\/www.europesays.com\/pt\/wp-content\/uploads\/2025\/11\/1280720-3.jpg\"   alt=\"\" title=\"1280720-3.jpg\"\/><\/a><\/p>\n<p>Neste Dia de A\u00e7\u00e3o de Gra\u00e7as, os astronautas da Esta\u00e7\u00e3o Espacial Internacional (ISS) desfrutar\u00e3o de uma refei\u00e7\u00e3o especial de feriado muito al\u00e9m da tradicional salada de peru usada durante a period Apollo. Ao lado do peru, eles ter\u00e3o am\u00eaijoas, ostras, carne de caranguejo, codorna, salm\u00e3o defumado e outros acompanhamentos e guloseimas.Mark Marquette, diretor do Museu Espacial Americano em Titusville, disse que essas refei\u00e7\u00f5es proporcionam conforto e uma sensa\u00e7\u00e3o de lar aos membros da tripula\u00e7\u00e3o que vivem isolados a cerca de 400 quil\u00f4metros acima da Terra. \u201cVoc\u00ea est\u00e1 tentando replicar a ca\u00e7arola de feij\u00e3o verde e o recheio delicioso da vov\u00f3\u201d, disse ele. \u201cIsso traz um senso de humanidade \u00e0s pessoas de uma forma que a comida, ou gastronomia, apazigua as pessoas\u201d, disse Marquette citado pelo Florida Right this moment.As comidas festivas foram enviadas para a esta\u00e7\u00e3o em setembro atrav\u00e9s de um foguete SpaceX Falcon 9 transportando uma espa\u00e7onave Northrop Grumman Cygnus XL. A carga inclu\u00eda um saco especial Vacation Bulk Overwrapped Bag com am\u00eaijoas, caranguejo, salm\u00e3o, codorna, doces, manteiga de am\u00eandoa e homus.A atual tripula\u00e7\u00e3o da ISS inclui os astronautas da Nasa Zena Cardman e Mike Fincke, ao lado de Kimiya Yui, da Ag\u00eancia de Explora\u00e7\u00e3o Aeroespacial do Jap\u00e3o, e Oleg Platonov, da Roscosmos.<\/p>\n<p>Astronautas da esta\u00e7\u00e3o espacial entregam mensagem de a\u00e7\u00e3o de gra\u00e7as para 2025<\/p>\n<p>Cardman compartilhou um v\u00eddeo da esta\u00e7\u00e3o mostrando peru, pur\u00ea de batata, caranguejo, salm\u00e3o e lagosta flutuando em um saco transparente de comida natalina. \u201cEnt\u00e3o, acho que ser\u00e1 uma refei\u00e7\u00e3o muito, muito deliciosa. E mal posso esperar para compartilh\u00e1-la com todos, incluindo nossos novos companheiros de tripula\u00e7\u00e3o que est\u00e3o lan\u00e7ando um foguete Soyuz no Dia de A\u00e7\u00e3o de Gra\u00e7as. Isso ser\u00e1 realmente emocionante\u201d, disse Cardman.A\u00e7\u00e3o de Gra\u00e7as no espa\u00e7oO primeiro Dia de A\u00e7\u00e3o de Gra\u00e7as no espa\u00e7o foi celebrado pelos astronautas do Skylab 4 em 22 de novembro de 1973. Eles tinham acabado de completar uma caminhada espacial de 6 horas e meia e jantaram duplos, mas n\u00e3o havia menu especial ou peru.Por muitos anos, os astronautas comeram uma refei\u00e7\u00e3o padr\u00e3o de A\u00e7\u00e3o de Gra\u00e7as com peru, batatas e, \u00e0s vezes, ervilhas. Molho de camar\u00e3o e cranberry foram adicionados posteriormente.<\/p>\n<p><a href=\"https:\/\/timesofindia.indiatimes.com\/science\/clams-oyster-and-more-iss-astronauts-ditch-apollo-era-thanksgiving-enjoy-special-holiday-meal\/articleshow\/125603718.cms\" rel=\"nofollow noopener\" target=\"_blank\">avots<\/a><\/p>\n","protected":false},"excerpt":{"rendered":"Neste Dia de A\u00e7\u00e3o de Gra\u00e7as, os astronautas da Esta\u00e7\u00e3o Espacial Internacional (ISS) desfrutar\u00e3o de uma refei\u00e7\u00e3o especial&hellip;\n","protected":false},"author":2,"featured_media":166788,"comment_status":"","ping_status":"","sticky":false,"template":"","format":"standard","meta":{"footnotes":""},"categories":[84],"tags":[109,107,108,32,33,105,103,104,106,110],"class_list":{"0":"post-166787","1":"post","2":"type-post","3":"status-publish","4":"format-standard","5":"has-post-thumbnail","7":"category-ciencia-e-tecnologia","8":"tag-ciencia","9":"tag-ciencia-e-tecnologia","10":"tag-cienciaetecnologia","11":"tag-portugal","12":"tag-pt","13":"tag-science","14":"tag-science-and-technology","15":"tag-scienceandtechnology","16":"tag-technology","17":"tag-tecnologia"},"share_on_mastodon":{"url":"https:\/\/pubeurope.com\/@pt\/115620816417358239","error":""},"_links":{"self":[{"href":"https:\/\/www.europesays.com\/pt\/wp-json\/wp\/v2\/posts\/166787","targetHints":{"allow":["GET"]}}],"collection":[{"href":"https:\/\/www.europesays.com\/pt\/wp-json\/wp\/v2\/posts"}],"about":[{"href":"https:\/\/www.europesays.com\/pt\/wp-json\/wp\/v2\/types\/post"}],"author":[{"embeddable":true,"href":"https:\/\/www.europesays.com\/pt\/wp-json\/wp\/v2\/users\/2"}],"replies":[{"embeddable":true,"href":"https:\/\/www.europesays.com\/pt\/wp-json\/wp\/v2\/comments?post=166787"}],"version-history":[{"count":0,"href":"https:\/\/www.europesays.com\/pt\/wp-json\/wp\/v2\/posts\/166787\/revisions"}],"wp:featuredmedia":[{"embeddable":true,"href":"https:\/\/www.europesays.com\/pt\/wp-json\/wp\/v2\/media\/166788"}],"wp:attachment":[{"href":"https:\/\/www.europesays.com\/pt\/wp-json\/wp\/v2\/media?parent=166787"}],"wp:term":[{"taxonomy":"category","embeddable":true,"href":"https:\/\/www.europesays.com\/pt\/wp-json\/wp\/v2\/categories?post=166787"},{"taxonomy":"post_tag","embeddable":true,"href":"https:\/\/www.europesays.com\/pt\/wp-json\/wp\/v2\/tags?post=166787"}],"curies":[{"name":"wp","href":"https:\/\/api.w.org\/{rel}","templated":true}]}}