{"id":166824,"date":"2025-11-27T09:52:13","date_gmt":"2025-11-27T09:52:13","guid":{"rendered":"https:\/\/www.europesays.com\/pt\/166824\/"},"modified":"2025-11-27T09:52:13","modified_gmt":"2025-11-27T09:52:13","slug":"algumas-pessoas-ficam-surpreendidas-com-revelacoes-sobre-gouveia-e-melo","status":"publish","type":"post","link":"https:\/\/www.europesays.com\/pt\/166824\/","title":{"rendered":"Algumas pessoas ficam surpreendidas com revela\u00e7\u00f5es sobre Gouveia e Melo"},"content":{"rendered":"<p>Foi em plena pandemia que Portugal \u2013 e o mundo \u2013 ficou a conhecer o almirante Henrique Gouveia e Melo, figura de camuflado que foi, em grande parte, respons\u00e1vel pelo elevado n\u00edvel de sucesso da campanha de vacina\u00e7\u00e3o contra a Covid-19 em solo nacional. Com a popularidade crescente surgiram, de igual modo, suposi\u00e7\u00f5es quanto a uma eventual candidatura presidencial que, ao fim de\u00a0<a href=\"https:\/\/www.noticiasaominuto.com\/pais\/2795075\/o-que-disse-gouveia-e-melo-desde-2021-confira-algumas-das-suas-frases\" target=\"_blank\" rel=\"noopener nofollow\">v\u00e1rios &#8220;n\u00e3o&#8221;, &#8220;nim&#8221; e pedidos para que lhe dessem uma corda para se enforcar<\/a>, caso enveredasse por esse caminho, vieram a materializar-se.<\/p>\n<p>Pela m\u00e3o da jornalista Valentina Marcelino, &#8220;Gouveia e Melo \u2013 As Raz\u00f5es&#8221; est\u00e1 dividido em tr\u00eas momentos \u2013 &#8220;O Homem&#8221;, &#8220;O Militar&#8221; e &#8220;O Candidato&#8221; \u2013, tra\u00e7ando uma radiografia das origens, do pensamento e das ideias do almirante, que <a href=\"https:\/\/www.noticiasaominuto.com\/pais\/2795076\/da-carreira-militar-para-belem-gouveia-e-melo-o-centrista-pragmatico\" target=\"_blank\" rel=\"noopener nofollow\">se estreia na arena pol\u00edtica portuguesa<\/a> enquanto candidato na corrida a Bel\u00e9m. Explana, inclusive, o ponto de viragem que transformou o &#8220;nim&#8221; num resoluto &#8220;sim&#8221;, e que, entretanto, levou o almirante a acusar a ag\u00eancia Lusa de publicar uma not\u00edcia &#8220;<a href=\"https:\/\/www.noticiasaominuto.com\/politica\/2886095\/afinal-o-que-disse-gouveia-e-melo-o-caso-explicado-e-citacao-integral\" target=\"_blank\" rel=\"noopener nofollow\">falsa e enferma de uma falta de rigor inaceit\u00e1vel<\/a>&#8220;, quanto aos motivos que o fizeram deixar a corda a um canto.<\/p>\n<p>A diretora-adjunta do Di\u00e1rio de Not\u00edcias (DN) concedeu ao\u00a0Not\u00edcias ao Minuto\u00a0um vislumbre dos bastidores da grande entrevista ao oficial, que &#8220;gosta muito de conversar&#8221; e de &#8220;explicar os seus pontos de vista com bastante detalhe&#8221;, tendo dado conta de que o reservista &#8220;\u00e9, essencialmente, uma pessoa muito pragm\u00e1tica, [que] quer identificar solu\u00e7\u00f5es [&#8230;] e acredita que h\u00e1 solu\u00e7\u00f5es para todos os problemas&#8221;. &#8220;Gouveia e Melo \u2013 As Raz\u00f5es&#8221; trata-se, assim, do contributo jornal\u00edstico de Valentina Marcelino &#8220;para facultar informa\u00e7\u00e3o \u00e0s pessoas, para decidirem e escolherem com conhecimento de causa&#8221;, vincando que v\u00e1rias &#8220;ficam um pouco surpreendidas com algumas revela\u00e7\u00f5es&#8221;.<\/p>\n<p>Confesso que, do que tenho visto nos debates, [Gouveia e Melo] \u00e9 diferente daquele almirante que tive \u00e0 minha frente quando lhe fiz a entrevista<\/p>\n<p>Como \u00e9 que surgiu este desafio e porque \u00e9 que decidiu abra\u00e7\u00e1-lo?<\/p>\n<p>O desafio para fazer esta grande entrevista surgiu de um convite da Porto Editora, do editor Henrique Pinto de Mesquita. Perceberam que j\u00e1 tinha feito pelo menos duas entrevistas ao almirante, na TSF-DN e no pr\u00f3prio DN, antes de se anunciar como candidato. Tamb\u00e9m fa\u00e7o, normalmente, cobertura da \u00e1rea da Defesa. Era um momento de pr\u00e9-campanha e n\u00e3o queria, de forma alguma, ficar associada a qualquer candidatura, ou poderem achar que este era um livro de apoio ao almirante ou o que quer que seja. Colocando os pr\u00f3s e os contras de um lado e do outro, achei que havia mais pr\u00f3s, principalmente porque tratava-se de um novo ator pol\u00edtico; os outros j\u00e1 conhec\u00edamos da cena pol\u00edtica.<\/p>\n<p>Tamb\u00e9m tinha muitas perguntas, que toda a gente fazia, sobre o que \u00e9 que ele pensava disto e daquilo, e queria conhecer um pouco o percurso dele, \u2013 desde a experi\u00eancia que teve em Mo\u00e7ambique, onde nasceu, e a sua passagem pelo Brasil, onde tamb\u00e9m estudou \u2013, para perceber como \u00e9 que isso tinha ajudado a formar aquilo que o almirante se tornou e todas as decis\u00f5es que tomou ao longo da vida. Achei que era interessante e, do ponto de vista jornal\u00edstico, era importante. Seria o meu contributo para facultar informa\u00e7\u00e3o \u00e0s pessoas, que \u00e9 o que n\u00f3s fazemos, para decidirem e escolherem com conhecimento de causa.<\/p>\n<p>E notou diferen\u00e7as entre esse almirante que conheceu e o candidato presidencial?<\/p>\n<p>Confesso que, do que tenho visto nos debates, [Gouveia e Melo] \u00e9 diferente daquele almirante que tive \u00e0 minha frente quando lhe fiz a entrevista. Mas tamb\u00e9m se compreende, porque a circunst\u00e2ncia era diferente, a press\u00e3o era diferente. O almirante \u00e9 uma pessoa que gosta muito de conversar, gosta de explicar os seus pontos de vista com bastante detalhe; j\u00e1 sabia disso mesmo antes de fazer esta entrevista, que foi relativamente tranquila por causa disso. Claro que tinha alguns temas pr\u00e9-definidos e algumas perguntas, mas acabei por nem sequer seguir um gui\u00e3o, porque a conversa era sempre muito natural sobre os v\u00e1rios temas que achei que mais preocupavam as pessoas. E, agora, o almirante que estou a ver nestes debates \u00e9 uma pessoa mais tensa e mais contida. N\u00e3o sei o que vai suceder daqui para a frente, mas nem parece a mesma pessoa, de facto.<\/p>\n<p>N\u00e3o me lembro de ningu\u00e9m que tivesse atingido aquela popularidade por um feito que n\u00e3o era pol\u00edtico, era de salvar vidas. E, de facto, ele foi considerado como um her\u00f3i. Lembro-me que, a qualquer lado que se ia com ele, as pessoas vinham ter com ele para pedir aut\u00f3grafos<\/p>\n<p>E est\u00e1 um bocadinho mais ao ataque.<\/p>\n<p>Sim, ele est\u00e1 na arena pol\u00edtica, n\u00e3o \u00e9? A arena pol\u00edtica \u00e9 para le\u00f5es, como costumamos dizer. Tem de entrar nessa arena e, provavelmente, entende que deve estar ao ataque. N\u00e3o sei se tem funcionado ou n\u00e3o \u2013 h\u00e1 v\u00e1rias opini\u00f5es sobre isso \u2013, mas v\u00ea-se que ele \u00e9 uma pessoa que precisa de tempo para expor as suas ideias.<\/p>\n<p>Recuando aos tempos da pandemia, o que \u00e9 que na sua opini\u00e3o explica que Gouveia e Melo tenha sido encarado desde praticamente o in\u00edcio da task force da vacina\u00e7\u00e3o contra a Covid-19 como potencial candidato presidencial e o mesmo n\u00e3o tenha acontecido com Marta Temido, ent\u00e3o ministra da Sa\u00fade, e Gra\u00e7a Freitas, na altura diretora-geral da Sa\u00fade? Ter\u00e1 estado em jogo um complexo pela procura de um her\u00f3i num momento terr\u00edvel da nossa sociedade, que foi suprimido na figura do almirante?<\/p>\n<p>Pois, de facto, isso foi uma pergunta que o perseguiu a partir de uma certa altura da task force, principalmente quando se percebeu que Portugal estava a conseguir atingir resultados [na vacina\u00e7\u00e3o]. At\u00e9 mesmo antes de ele ser nomeado, eu j\u00e1 estava a acompanhar todo o trabalho que as For\u00e7as Armadas estavam a fazer, e era ele que era o respons\u00e1vel por esse planeamento. N\u00e3o nos podemos esquecer que era um momento de grande vulnerabilidade para toda a gente. As pessoas sentiram na figura dele, que andava com o camuflado, que era algu\u00e9m que sabia o que estava a fazer \u2013 e que o que ele estava a fazer estava a dar certo. A partir desse momento, a popularidade dele disparou e levou a que as pessoas come\u00e7assem a colocar essa quest\u00e3o, mas acho que foi devido \u00e0s circunst\u00e2ncias da altura. N\u00e3o me lembro de ningu\u00e9m que tivesse atingido aquela popularidade por um feito que n\u00e3o era pol\u00edtico, era de salvar vidas. E, de facto, ele foi considerado como um her\u00f3i. Lembro-me que, a qualquer lado que se ia com ele, as pessoas vinham ter com ele para pedir aut\u00f3grafos.<\/p>\n<p>Do que acompanhei, ele n\u00e3o pensava nisso [em ser candidato presidencial], de todo. N\u00e3o pensava porque, como se pode constatar no livro, sempre quis ser militar. Desde os 17 anos que era esse o objetivo dele: acabar a carreira como oficial-general da Marinha. Mas, depois, a partir de uma certa altura, a insist\u00eancia foi tanta, que ele come\u00e7ou a colocar essa ideia no pensamento; embora n\u00e3o tenha tomado uma decis\u00e3o at\u00e9 setembro de 2024.<\/p>\n<p>Pegando precisamente nesse ponto, bem sei que j\u00e1 comentou esta quest\u00e3o, mas n\u00e3o posso deixar de a abordar. Gouveia e Melo acusou a Ag\u00eancia Lusa de publicar uma not\u00edcia falsa a seu respeito, a prop\u00f3sito do momento em que decidiu candidatar-se. A Lusa, por seu lado, <a href=\"https:\/\/www.noticiasaominuto.com\/politica\/2885941\/gouveia-e-melo-acusa-lusa-de-fazer-noticia-falsa-direcao-repudia\" target=\"_blank\" rel=\"noopener nofollow\">rejeitou e repudiou as acusa\u00e7\u00f5es<\/a>. Qual \u00e9 a sua vis\u00e3o sobre isto? H\u00e1 quem esteja certo e quem esteja errado ou \u00e9 zona cinzenta?<\/p>\n<p>Claro. Acho que a Lusa fez uma interpreta\u00e7\u00e3o leg\u00edtima das palavras dele, n\u00e3o citando palavras dele. A Lusa n\u00e3o diz que ele disse que tinha decidido candidatar-se por o Presidente da Rep\u00fablica n\u00e3o querer. A Lusa n\u00e3o escreve isso. Tendo em conta esta declara\u00e7\u00e3o, a Lusa <a href=\"https:\/\/expresso.pt\/politica\/2024-10-03-almirante-quer-mais-dois-submarinos-para-ficar-na-armada-e-desistir-de-belem-a69160ff\" target=\"_blank\" rel=\"noopener nofollow\">viu a not\u00edcia em causa, e a not\u00edcia em causa falava nisso<\/a>. A Lusa interpretou que tinha sido esse o motivo, mas ele explica muito claramente na resposta que me d\u00e1 e n\u00e3o fala sequer no Presidente da Rep\u00fablica. O que diz \u00e9 que, para ele, n\u00e3o era suport\u00e1vel nem admiss\u00edvel que estivessem a dizer que ele estava a fazer chantagem com o Governo para ficar na Marinha, nomeadamente para ter mais meios e mais investimento.<\/p>\n<p>Ele entendeu que era uma quest\u00e3o de honra e soube que, naquele momento, n\u00e3o tinha condi\u00e7\u00f5es para continuar, porque se ia achar que, se continuasse, era porque o Governo tinha cedido \u00e0 chantagem, o que isso tornava a rela\u00e7\u00e3o de confian\u00e7a institucional muito complicada. Acredito que, tendo em conta todo o hist\u00f3rico e toda a press\u00e3o que tinha tido durante todos aqueles meses, acabasse por tomar essa decis\u00e3o. Mas, como ele diz, \u2013 e tenho isso a abrir o livro \u2013, podia ter ficado no &#8220;bem bom&#8221; e atingir o topo da carreira, porque poderia ser o chefe do Estado-Maior-General das For\u00e7as Armadas (CEMGFA) e, de facto, optou por algo completamente incerto. Escolheu a incerteza.<\/p>\n<p> <img loading=\"lazy\" decoding=\"async\" src=\"https:\/\/www.europesays.com\/pt\/wp-content\/uploads\/2025\/11\/naom_6927402b200af.jpg\" border=\"0\" alt=\"Not\u00edcias ao Minuto\" width=\"242\" height=\"374\"\/> Capa do livro &#8220;Gouveia e Melo \u2013 As Raz\u00f5es&#8221;\u00a9 Reprodu\u00e7\u00e3o\/Porto Editora \u00a0<\/p>\n<p>As sondagens valem o que valem, mas o que \u00e9 certo \u00e9 que <a href=\"https:\/\/www.noticiasaominuto.com\/politica\/2889806\/marques-mendes-na-frente-da-escolha-dos-portugueses-cotrim-sobe\" target=\"_blank\" rel=\"noopener nofollow\">Gouveia e Melo tem vindo a afundar na prefer\u00eancia dos eleitores<\/a>. Como \u00e9 que explica isto? Poder\u00e1 estar relacionado com a quest\u00e3o anterior do mito do her\u00f3i, que acabou por se desfazer \u00e0 medida que o almirante foi partilhando as suas opini\u00f5es?\u00a0<\/p>\n<p>H\u00e1 muita gente que est\u00e1 a questionar-se sobre isto. Neste momento, h\u00e1 mais candidatos do que havia no in\u00edcio do ano, ou do que havia quando ele come\u00e7ou a ser anunciado, ou quando come\u00e7ou a fazer parte das sondagens. Portanto, \u00e9 normal que a vota\u00e7\u00e3o se dilua um bocadinho por todos os candidatos.<\/p>\n<p>Por outro lado, n\u00e3o nos podemos esquecer que as sondagens tamb\u00e9m s\u00e3o feitas com base em amostras cujos perfis das pessoas t\u00eam a ver com a inten\u00e7\u00e3o de voto em determinados partidos. Sendo que ele n\u00e3o est\u00e1 ligado a nenhum partido, penso que tamb\u00e9m n\u00e3o ser\u00e1 estranho que n\u00e3o tenha mais vota\u00e7\u00e3o. Independentemente disso, as pessoas tamb\u00e9m v\u00e3o ficando informadas sobre as op\u00e7\u00f5es e as posi\u00e7\u00f5es dos v\u00e1rios candidatos, e \u00e9 leg\u00edtimo que achem que ele n\u00e3o \u00e9 o candidato certo e que outros sejam melhores do que ele.<\/p>\n<p>Gouveia e Melo partilhou consigo que acredita que vencer\u00e1 as elei\u00e7\u00f5es na primeira volta. N\u00e3o estar\u00e1 aqui em causa a arrog\u00e2ncia com a qual o confrontou ao longo da entrevista ou, pelo menos, excesso de confian\u00e7a?<\/p>\n<p>Essa parte da entrevista foi gravada em maio ou junho deste ano. Nessa altura, j\u00e1 estava um bocadinho a come\u00e7ar a descer, mas ele ainda acreditava que era poss\u00edvel. Se calhar, se lhe perguntar agora, tamb\u00e9m vai dizer o mesmo. Todos os candidatos acham que v\u00e3o ganhar, alguns deles mesmo \u00e0 primeira volta. Acho que n\u00e3o tem a ver com arrog\u00e2ncia, mas com a confian\u00e7a que ele tinha na altura para esses desfechos.<\/p>\n<p>Ele \u00e9, essencialmente, uma pessoa muito pragm\u00e1tica; quer identificar solu\u00e7\u00f5es para os problemas e acredita que h\u00e1 solu\u00e7\u00f5es para todos os problemas, de uma forma geral. Quando diz que as pessoas est\u00e3o fartas dos pol\u00edticos, \u00e9 mais no sentido de que h\u00e1 problemas por resolver h\u00e1 muitos anos e os pol\u00edticos que t\u00eam estado no sistema n\u00e3o os t\u00eam conseguido resolver<\/p>\n<p>Na entrevista, Gouveia e Melo referiu v\u00e1rias vezes estar a ser alvo de um &#8220;preconceito ainda velho, dos tempos do PREC&#8221;, e que o seu &#8220;principal advers\u00e1rio n\u00e3o est\u00e1 nas elei\u00e7\u00f5es&#8221;. Acha que, de facto, existe receio de que um ex-militar possa chegar a Bel\u00e9m?<\/p>\n<p>Lembre-se que chegou a ser dito por um candidato, Lu\u00eds Marques Mendes, que a <a href=\"https:\/\/www.noticiasaominuto.com\/politica\/2790733\/eleicao-de-gouveia-e-melo-pode-ser-risco-e-perigo-para-a-democracia\" target=\"_blank\" rel=\"noopener nofollow\">candidatura de Gouveia e Melo representaria um perigo para a democracia<\/a>, e que se falou muito do facto de ele ser um militar, apesar de j\u00e1 estar na reserva. Mas creio que isso j\u00e1 foi ultrapassado, j\u00e1 n\u00e3o est\u00e1 em causa. Ali\u00e1s, ele despiu a farda, literalmente, assume-se como um candidato civil e tem toda a legitimidade. Qualquer cidad\u00e3o, dentro dos crit\u00e9rios que s\u00e3o exigidos na Constitui\u00e7\u00e3o, pode candidatar-se \u00e0 Presid\u00eancia da Rep\u00fablica, independentemente de ter sido ou n\u00e3o militar. N\u00e3o est\u00e1 escrito em lado nenhum que algu\u00e9m que serviu o pa\u00eds durante 45 anos n\u00e3o possa tentar servir o pa\u00eds de outra maneira, na Presid\u00eancia da Rep\u00fablica.<\/p>\n<p>Ao mesmo tempo, ao dizer que &#8220;as pessoas est\u00e3o cansadas dos pol\u00edticos tradicionais&#8221; e que n\u00e3o \u00e9 &#8220;um pol\u00edtico tradicional&#8221;, n\u00e3o podemos deduzir que Gouveia e Melo assume tra\u00e7os semelhantes a Andr\u00e9 Ventura, que <a href=\"https:\/\/www.noticiasaominuto.com\/pais\/2877622\/gouveia-e-melo-o-unico-candidato-fora-do-sistema-sou-eu\" target=\"_blank\" rel=\"noopener nofollow\">diz ser antissistema e procura distanciar-se dos restantes candidatos<\/a>, em prol da sua &#8220;miss\u00e3o&#8221; de salvar Portugal? At\u00e9 porque, por sua pr\u00f3pria admiss\u00e3o, desde os 17 anos que o almirante desejava servir o pa\u00eds e &#8220;contribuir para algo maior&#8221;, o que tamb\u00e9m d\u00e1 ind\u00edcios dessa ideia de miss\u00e3o.<\/p>\n<p>Ele \u00e9, essencialmente, uma pessoa muito pragm\u00e1tica; quer identificar solu\u00e7\u00f5es para os problemas e acredita que h\u00e1 solu\u00e7\u00f5es para todos os problemas, de uma forma geral. Quando diz que as pessoas est\u00e3o fartas dos pol\u00edticos, \u00e9 mais no sentido de que h\u00e1 problemas por resolver h\u00e1 muitos anos e os pol\u00edticos que t\u00eam estado no sistema n\u00e3o os t\u00eam conseguido resolver. Por isso, apresenta-se como algu\u00e9m que \u00e9 pragm\u00e1tico, que est\u00e1 habituado a resolver problemas, \u2013 n\u00e3o s\u00f3 est\u00e1 habituado, como gosta de fazer isso \u2013, e que pode dar esse contributo, mesmo como Presidente da Rep\u00fablica, que n\u00e3o tem poder executivo, como sabemos. Gouveia e Melo entende que \u00e9 poss\u00edvel, da parte da Presid\u00eancia da Rep\u00fablica, conseguir influenciar o poder executivo a resolver esses problemas, e v\u00ea que Portugal pode ser governado ou por um governo do centro-direita ou por um governo do centro; s\u00e3o duas op\u00e7\u00f5es que est\u00e3o legitimamente consagradas nas elei\u00e7\u00f5es.<\/p>\n<p>Ele n\u00e3o se aproxima de todo e faz muita quest\u00e3o em afastar-se de Andr\u00e9 Ventura, mas tamb\u00e9m da extrema-esquerda. Quando diz que \u00e9 uma pessoa do centro, <a href=\"https:\/\/www.noticiasaominuto.com\/pais\/2732469\/entre-socialismo-e-social-democracia-afinal-que-defende-o-almirante\" target=\"_blank\" rel=\"noopener nofollow\">\u00e9 literalmente uma pessoa do centro, porque vai buscar muitas posi\u00e7\u00f5es mais \u00e0 Direita e outras posi\u00e7\u00f5es mais \u00e0 Esquerda<\/a>. E quando diz que \u00e9 do centro, \u00e9 nesse sentido pragm\u00e1tico; n\u00e3o \u00e9 por uma quest\u00e3o ideol\u00f3gica. Acho que ele est\u00e1 bastante liberto de ideias ideol\u00f3gicas, porque o foco \u00e9 resolver problemas e ajudar a resolver problemas.<\/p>\n<p>Quanto a essa quest\u00e3o, Gouveia e Melo considerou que &#8220;n\u00e3o basta s\u00f3 criticar \u2013 \u00e9 preciso encontrar solu\u00e7\u00f5es exequ\u00edveis&#8221;. A seu ver, as ideias do almirante s\u00e3o exequ\u00edveis, ou tratam-se apenas de lugares-comuns, talvez para agradar v\u00e1rias camadas da popula\u00e7\u00e3o?<\/p>\n<p>N\u00e3o, acho que n\u00e3o s\u00e3o [lugares-comuns]. Quando partilha uma ideia, ele realmente pensa e acredita mesmo que \u00e9 capaz de ser executada, independentemente de, depois, conseguir ou n\u00e3o. Quando explor\u00e1mos a quest\u00e3o da vacina\u00e7\u00e3o, havia muitos problemas na altura, em termos do funcionamento, da organiza\u00e7\u00e3o, etc. E ele \u2013 n\u00e3o sozinho, mas com a equipa dele toda \u2013 conseguiu mostrar que os portugueses, o sistema e a administra\u00e7\u00e3o p\u00fablica s\u00e3o capazes de fazer milagres, praticamente, n\u00e3o \u00e9? \u00c9 uma pessoda que acredita nisso, e foi o que foi fazendo na Marinha, ou tentou fazer. Acreita que \u00e9 poss\u00edvel adaptar essa metodologia para resolver n\u00e3o todos, mas alguns dos problemas mais importantes do pa\u00eds; ou, pelo menos, influenciar e ajudar a que sejam resolvidos.<\/p>\n<p>A dada altura, mencionou que Gouveia e Melo lhe disse, e passo a citar: &#8220;Isto n\u00e3o \u00e9 uma entrevista, Valentina, isto \u00e9 um interrogat\u00f3rio, uma radiografia \u00e0 minha cabe\u00e7a e \u00e0 minha alma.&#8221; Concorda com esta leitura? Houve perguntas que ficaram por fazer?<\/p>\n<p>Acho que isso j\u00e1 foi quase no final. De facto, foram muitas perguntas; s\u00e3o 236 p\u00e1ginas de entrevista. \u00c0s tantas teve essa express\u00e3o, mas ficaram ainda muitas perguntas por fazer, porque todas as coisas t\u00eam um timing. Aquilo que achei importante na altura, perguntei. Entretanto, em setembro, ainda tentei atualizar alguns temas, \u2013 at\u00e9 porque 80% do livro j\u00e1 estava na revisora e j\u00e1 n\u00e3o conseguia mudar \u2013, mas, se calhar, se fizesse a entrevista hoje, j\u00e1 ia ter outras perguntas para fazer. Isso faz parte, estamos sempre com a atualidade em cima de n\u00f3s.<\/p>\n<p>O que \u00e9 que lhe perguntaria neste momento?<\/p>\n<p>O que \u00e9 que lhe perguntaria? Acho que, por acaso, n\u00e3o aprofundei muito este tema, e era muito importante ele dizer concretamente o que \u00e9 que estava disposto a mudar na Constitui\u00e7\u00e3o.<\/p>\n<p>Ele estava perfeitamente consciente [do escrut\u00ednio], mas tamb\u00e9m me disse que uma das raz\u00f5es por que aceitou foi por estar consciente de que precisava de ter tempo para explicar as suas ideias, falar sobre ele, sobre o que o preocupa, em discurso direto, sem interpreta\u00e7\u00f5es<\/p>\n<p>E com o livro c\u00e1 fora, que feedback \u00e9 que tem tido? As pessoas sentem-se mais esclarecidas?\u00a0<\/p>\n<p>As pessoas que leem e que me v\u00e3o consultando dizem que sim; algumas pessoas ficam um pouco surpreendidas com algumas revela\u00e7\u00f5es que s\u00e3o ali descritas, que desconheciam sobre ele. De uma forma geral, as pessoas sentem-se mais esclarecidas. \u00c9 normal. Sem querer subestimar este livro, a Porto Editora tamb\u00e9m publicou uma biografia de Gouveia e Melo, da autoria de V\u00edtor Matos, e tamb\u00e9m h\u00e1 outro livro sobre o almirante. Acho que, neste momento, o almirante \u00e9 capaz de ser a pessoa que tem mais livros publicados sobre ele; n\u00e3o h\u00e1 falta de informa\u00e7\u00e3o. Acho que \u00e9 das pessoas mais escrutinadas entre todos os candidatos.<\/p>\n<p>N\u00e3o poder\u00e1 isso jogar contra ele?<\/p>\n<p>Sim. Ele pr\u00f3prio dizia-me isso, e eu disse-lhe que o que est\u00e1 ali escrito vai servir para eu e outros jornalistas o escrutinarem no futuro, quer seja eleito ou n\u00e3o. Est\u00e3o ali posi\u00e7\u00f5es sobre v\u00e1rios temas e, daqui a uns tempos, quando falar sobre eles, vou ver o que \u00e9 que disse nesta altura. Se for alguma contradi\u00e7\u00e3o, sabe-se que \u00e9 not\u00edcia. Ele estava perfeitamente consciente disso, mas tamb\u00e9m me disse que uma das raz\u00f5es por que aceitou foi por estar consciente de que precisava de ter tempo para explicar as suas ideias, falar sobre ele, sobre o que o preocupa, em discurso direto, sem interpreta\u00e7\u00f5es. Ele fecha-se muito, muitas vezes diz coisas que acabam descontextualizadas e, depois, parece que disse o contr\u00e1rio daquilo que realmente quis dizer. Isto foi uma forma de ele, em discurso direto, explicar como acha que os outros o veem e quais foram os objetivos dele com esta candidatura.<\/p>\n<p>Leia Tamb\u00e9m: <a href=\"https:\/\/www.noticiasaominuto.com\/politica\/2889806\/marques-mendes-na-frente-da-escolha-dos-portugueses-cotrim-sobe\" target=\"_blank\" rel=\"noopener noreferrer nofollow\">Marques Mendes na frente, mas praticamente empatado com Gouveia e Melo<\/a><\/p>\n","protected":false},"excerpt":{"rendered":"Foi em plena pandemia que Portugal \u2013 e o mundo \u2013 ficou a conhecer o almirante Henrique Gouveia&hellip;\n","protected":false},"author":2,"featured_media":166825,"comment_status":"","ping_status":"","sticky":false,"template":"","format":"standard","meta":{"footnotes":""},"categories":[10],"tags":[27,28,15,16,14,25,26,21,22,12,13,19,20,32,23,24,33,17,18,29,30,31],"class_list":{"0":"post-166824","1":"post","2":"type-post","3":"status-publish","4":"format-standard","5":"has-post-thumbnail","7":"category-portugal","8":"tag-breaking-news","9":"tag-breakingnews","10":"tag-featured-news","11":"tag-featurednews","12":"tag-headlines","13":"tag-latest-news","14":"tag-latestnews","15":"tag-main-news","16":"tag-mainnews","17":"tag-news","18":"tag-noticias","19":"tag-noticias-principais","20":"tag-noticiasprincipais","21":"tag-portugal","22":"tag-principais-noticias","23":"tag-principaisnoticias","24":"tag-pt","25":"tag-top-stories","26":"tag-topstories","27":"tag-ultimas","28":"tag-ultimas-noticias","29":"tag-ultimasnoticias"},"share_on_mastodon":{"url":"https:\/\/pubeurope.com\/@pt\/115621052402518981","error":""},"_links":{"self":[{"href":"https:\/\/www.europesays.com\/pt\/wp-json\/wp\/v2\/posts\/166824","targetHints":{"allow":["GET"]}}],"collection":[{"href":"https:\/\/www.europesays.com\/pt\/wp-json\/wp\/v2\/posts"}],"about":[{"href":"https:\/\/www.europesays.com\/pt\/wp-json\/wp\/v2\/types\/post"}],"author":[{"embeddable":true,"href":"https:\/\/www.europesays.com\/pt\/wp-json\/wp\/v2\/users\/2"}],"replies":[{"embeddable":true,"href":"https:\/\/www.europesays.com\/pt\/wp-json\/wp\/v2\/comments?post=166824"}],"version-history":[{"count":0,"href":"https:\/\/www.europesays.com\/pt\/wp-json\/wp\/v2\/posts\/166824\/revisions"}],"wp:featuredmedia":[{"embeddable":true,"href":"https:\/\/www.europesays.com\/pt\/wp-json\/wp\/v2\/media\/166825"}],"wp:attachment":[{"href":"https:\/\/www.europesays.com\/pt\/wp-json\/wp\/v2\/media?parent=166824"}],"wp:term":[{"taxonomy":"category","embeddable":true,"href":"https:\/\/www.europesays.com\/pt\/wp-json\/wp\/v2\/categories?post=166824"},{"taxonomy":"post_tag","embeddable":true,"href":"https:\/\/www.europesays.com\/pt\/wp-json\/wp\/v2\/tags?post=166824"}],"curies":[{"name":"wp","href":"https:\/\/api.w.org\/{rel}","templated":true}]}}