{"id":166826,"date":"2025-11-27T09:53:11","date_gmt":"2025-11-27T09:53:11","guid":{"rendered":"https:\/\/www.europesays.com\/pt\/166826\/"},"modified":"2025-11-27T09:53:11","modified_gmt":"2025-11-27T09:53:11","slug":"mundial-sub-17-hoje-e-dia-de-entrarem-na-historia-rapazes","status":"publish","type":"post","link":"https:\/\/www.europesays.com\/pt\/166826\/","title":{"rendered":"Mundial sub-17: hoje \u00e9 dia de entrarem na hist\u00f3ria, rapazes!"},"content":{"rendered":"<p>Vamos l\u00e1, rapazes, fa\u00e7am o que ainda n\u00e3o foi feito. Como canta Pedro Abrunhosa: sagrem-se campe\u00f5es do Mundo de sub-17. Faltam 90 minutos e talvez ainda uns quantos pontap\u00e9s da marca de grande penalidade. Os austr\u00edacos, tal como voc\u00eas, portugueses, nunca estiveram presentes numa final de um Campeonato do Mundo deste escal\u00e3o et\u00e1rio, ou de qualquer outro. <a class=\"autolink-enabled\" data-resource-id=\"7856\" data-resource-type=\"team\" data-sport=\"football\" href=\"https:\/\/www.abola.pt\/futebol\/portugal-sub-17-7856\" rel=\"nofollow noopener\" target=\"_blank\">Portugal<\/a> \u00e9 diferente: esteve nas finais de 1989, 1991 e 2011 em sub-20. Ganhou as duas primeiras e perdeu a terceira. Este facto, por\u00e9m, de nada serve para o jogo de hoje. <\/p>\n<p>H\u00e1 36 anos, na terceira edi\u00e7\u00e3o da prova, realizada em Glasgow, Esc\u00f3cia, ainda denominada Mundial de sub-16, Portugal foi terceiro classificado, atr\u00e1s da campe\u00e3 Ar\u00e1bia Saudita e do vice-campe\u00e3o Esc\u00f3cia. Nenhum saudita e nenhum escoc\u00eas teria, depois, carreira ao n\u00edvel de um campe\u00e3o do Mundo de sub-17.<\/p>\n<p>Portugal, n\u00e3o. Portugal foi terceiro, mas tinha grandes nomes no plantel orientado por Carlos Queiroz: desde logo, Lu\u00eds Figo. E ainda Em\u00edlio Peixe, Manuel Tulipa, Abel Xavier e um menino chamado Manuel Albino Morim Ma\u00e7\u00e3es, ent\u00e3o jogador do FC Porto. Mais tarde, passaria por Rio Ave, Salgueiros, Belenenses, Mar\u00edtimo, Sporting, Tenerife e Moreirense.<\/p>\n<p>            <img decoding=\"async\" src=\"https:\/\/www.europesays.com\/pt\/wp-content\/uploads\/2025\/11\/7ecf3fec-12e9-4729-a0f1-21b04be1201e.jpg\" alt=\"Bino Ma\u00e7\u00e3es, selecionador nacional de Portugal no Mundial sub-17 - Foto: IMAGO\" width=\"620\" class=\"w-full object-cover\"\/><\/p>\n<p>                    Bino Ma\u00e7\u00e3es, selecionador nacional de Portugal no Mundial sub-17 &#8211; Foto: IMAGO<\/p>\n<p>Sim, meus caros, Manuel Albino Morim Ma\u00e7\u00e3es \u00e9 esse mesmo: o Bino. O Bino, selecionador nacional de sub-17, j\u00e1 campe\u00e3o da Europa da categoria e \u00e0 espreita de ser campe\u00e3o do Mundo da categoria, sucedendo ao alem\u00e3o Christian Wuck, vencedor em 2023. Bino \u00e9 o homem que tem conduzido os nossos meninos e os conduzir\u00e1 hoje.<\/p>\n<p>Os 21 de Bino representam, fora da Sele\u00e7\u00e3o Nacional, cinco clubes: Benfica, FC Porto, Sporting, SC Braga e V. Guimar\u00e3es. Hoje, por\u00e9m, a partir das 16 horas, n\u00e3o h\u00e1 clubes: h\u00e1 <a class=\"autolink-enabled\" data-resource-id=\"7856\" data-resource-type=\"team\" data-sport=\"football\" href=\"https:\/\/www.abola.pt\/futebol\/portugal-sub-17-7856\" rel=\"nofollow noopener\" target=\"_blank\">Portugal<\/a> e quinas. \u00c1guias, drag\u00f5es, le\u00f5es, guerreiros e conquistadores v\u00e3o fundir-se numa s\u00f3 onze. O 11 de <a class=\"autolink-enabled\" data-resource-id=\"7856\" data-resource-type=\"team\" data-sport=\"football\" href=\"https:\/\/www.abola.pt\/futebol\/portugal-sub-17-7856\" rel=\"nofollow noopener\" target=\"_blank\">Portugal<\/a>. O onze de Bino, sim, mas o onze de milh\u00f5es de portugueses.<\/p>\n<p>Fa\u00e7am l\u00e1, rapazes, o que ainda n\u00e3o foi feito. Aquilo que, h\u00e1 36 anos, Bino, Figo e Peixe, por exemplo, estiveram perto de alcan\u00e7ar. Entrem na hist\u00f3ria, rapazes. Sejam campe\u00f5es do Mundo!<\/p>\n<p><a target=\"_blank\" class=\"editor-link\" href=\"https:\/\/profile.google.com\/cp\/CgkvbS8wNWNjOHQ?pf=0\" rel=\"nofollow noopener\">Siga o perfil de A BOLA no Google<\/a><\/p>\n","protected":false},"excerpt":{"rendered":"Vamos l\u00e1, rapazes, fa\u00e7am o que ainda n\u00e3o foi feito. Como canta Pedro Abrunhosa: sagrem-se campe\u00f5es do Mundo&hellip;\n","protected":false},"author":2,"featured_media":166827,"comment_status":"","ping_status":"","sticky":false,"template":"","format":"standard","meta":{"footnotes":""},"categories":[8],"tags":[27,28,15,16,14,25,26,21,22,12,13,19,20,32,23,24,33,17,18,29,30,31],"class_list":{"0":"post-166826","1":"post","2":"type-post","3":"status-publish","4":"format-standard","5":"has-post-thumbnail","7":"category-principais-noticias","8":"tag-breaking-news","9":"tag-breakingnews","10":"tag-featured-news","11":"tag-featurednews","12":"tag-headlines","13":"tag-latest-news","14":"tag-latestnews","15":"tag-main-news","16":"tag-mainnews","17":"tag-news","18":"tag-noticias","19":"tag-noticias-principais","20":"tag-noticiasprincipais","21":"tag-portugal","22":"tag-principais-noticias","23":"tag-principaisnoticias","24":"tag-pt","25":"tag-top-stories","26":"tag-topstories","27":"tag-ultimas","28":"tag-ultimas-noticias","29":"tag-ultimasnoticias"},"share_on_mastodon":{"url":"https:\/\/pubeurope.com\/@pt\/115621056240303410","error":""},"_links":{"self":[{"href":"https:\/\/www.europesays.com\/pt\/wp-json\/wp\/v2\/posts\/166826","targetHints":{"allow":["GET"]}}],"collection":[{"href":"https:\/\/www.europesays.com\/pt\/wp-json\/wp\/v2\/posts"}],"about":[{"href":"https:\/\/www.europesays.com\/pt\/wp-json\/wp\/v2\/types\/post"}],"author":[{"embeddable":true,"href":"https:\/\/www.europesays.com\/pt\/wp-json\/wp\/v2\/users\/2"}],"replies":[{"embeddable":true,"href":"https:\/\/www.europesays.com\/pt\/wp-json\/wp\/v2\/comments?post=166826"}],"version-history":[{"count":0,"href":"https:\/\/www.europesays.com\/pt\/wp-json\/wp\/v2\/posts\/166826\/revisions"}],"wp:featuredmedia":[{"embeddable":true,"href":"https:\/\/www.europesays.com\/pt\/wp-json\/wp\/v2\/media\/166827"}],"wp:attachment":[{"href":"https:\/\/www.europesays.com\/pt\/wp-json\/wp\/v2\/media?parent=166826"}],"wp:term":[{"taxonomy":"category","embeddable":true,"href":"https:\/\/www.europesays.com\/pt\/wp-json\/wp\/v2\/categories?post=166826"},{"taxonomy":"post_tag","embeddable":true,"href":"https:\/\/www.europesays.com\/pt\/wp-json\/wp\/v2\/tags?post=166826"}],"curies":[{"name":"wp","href":"https:\/\/api.w.org\/{rel}","templated":true}]}}