{"id":166839,"date":"2025-11-27T10:05:10","date_gmt":"2025-11-27T10:05:10","guid":{"rendered":"https:\/\/www.europesays.com\/pt\/166839\/"},"modified":"2025-11-27T10:05:10","modified_gmt":"2025-11-27T10:05:10","slug":"embaixador-russo-na-moldavia-foi-recebido-com-um-drone","status":"publish","type":"post","link":"https:\/\/www.europesays.com\/pt\/166839\/","title":{"rendered":"Embaixador russo na Mold\u00e1via foi recebido com um drone"},"content":{"rendered":"<p id=\"block-1\">O embaixador russo na Mold\u00e1via convocado hoje pelo ministro dos Neg\u00f3cios Estrangeiros moldavo, na sequ\u00eancia de incurs\u00f5es com drones naquele pa\u00eds, teve a desagrad\u00e1vel surpresa, quando saiu do encontro, de enfrentar um desses equipamentos, com a inscri\u00e7\u00e3o &#8220;Z&#8221;. <\/p>\n<p id=\"block-2\">O governo pr\u00f3-europeu da Mold\u00e1via, pa\u00eds situado entre a Ucr\u00e2nia e a Rom\u00e9nia, e membro da NATO, publicou depois nas redes sociais o v\u00eddeo que mostrava o diplomata visivelmente surpreendido no alpendre do minist\u00e9rio. <\/p>\n<p id=\"block-3\">Na v\u00e9spera, o mesmo aparelho tinha ca\u00eddo sobre uma casa, numa aldeia no nordeste da antiga rep\u00fablica sovi\u00e9tica, que agora quer aderir \u00e0 Uni\u00e3o Europeia. <\/p>\n<p id=\"block-4\">Questionado sobre o assunto pelos meios de comunica\u00e7\u00e3o social, o representante do Kremlin, Oleg Ozerov, tentou fazer boa figura, sugerindo que se tratava de um golpe armado, uma vez que o drone tinha sido encontrado no telhado da casa sem ter causado destrui\u00e7\u00e3o. <\/p>\n<p id=\"block-5\">Segundo o diplomata russo, o incidente n\u00e3o passa de uma das &#8220;m\u00faltiplas tentativas [da Mold\u00e1via] de prejudicar as rela\u00e7\u00f5es bilaterais, que j\u00e1 se encontram no ponto mais baixo da sua hist\u00f3ria&#8221;. <\/p>\n<p id=\"block-6\">Seis drones violaram na ter\u00e7a-feira, o espa\u00e7o a\u00e9reo da Mold\u00e1via, provocando a retirada da popula\u00e7\u00e3o de uma localidade onde caiu um drone, segundo o governo. <\/p>\n<p id=\"block-7\">O governo de Chisinau disse ter sido entregue ao diplomata russo Ozerov &#8220;uma nota de protesto quanto a este sobrevoo ilegal totalmente inaceit\u00e1vel&#8221; e \u00e0 &#8220;grave viola\u00e7\u00e3o da soberania&#8221; da Mold\u00e1via. <\/p>\n<p id=\"block-8\">O espa\u00e7o a\u00e9reo da Mold\u00e1via foi v\u00e1rias vezes violado desde a invas\u00e3o da vizinha Ucr\u00e2nia pela R\u00fassia, em 2022. <\/p>\n<p id=\"block-9\">Por isso, o pa\u00eds expulsou v\u00e1rios diplomatas russos e aprovou, no in\u00edcio de novembro deste ano, um projeto de lei para fechar, at\u00e9 ao pr\u00f3ximo ver\u00e3o, o centro russo &#8220;de forma alguma&#8221; cultural, segundo declara\u00e7\u00f5es oficiais. <\/p>\n<p id=\"block-10\">A medida, qualificada de &#8220;russof\u00f3bica&#8221;, foi condenada pelo Kremlin e pela oposi\u00e7\u00e3o pr\u00f3-russa no pa\u00eds. <\/p>\n<p id=\"block-11\">O texto aguarda agora pela aprova\u00e7\u00e3o final do parlamento moldavo. <\/p>\n","protected":false},"excerpt":{"rendered":"O embaixador russo na Mold\u00e1via convocado hoje pelo ministro dos Neg\u00f3cios Estrangeiros moldavo, na sequ\u00eancia de incurs\u00f5es com&hellip;\n","protected":false},"author":2,"featured_media":166840,"comment_status":"","ping_status":"","sticky":false,"template":"","format":"standard","meta":{"footnotes":""},"categories":[50],"tags":[27,28,15,16,14,25,26,21,22,62,12,13,19,20,23,24,17,18,29,30,31,63,64,65],"class_list":{"0":"post-166839","1":"post","2":"type-post","3":"status-publish","4":"format-standard","5":"has-post-thumbnail","7":"category-mundo","8":"tag-breaking-news","9":"tag-breakingnews","10":"tag-featured-news","11":"tag-featurednews","12":"tag-headlines","13":"tag-latest-news","14":"tag-latestnews","15":"tag-main-news","16":"tag-mainnews","17":"tag-mundo","18":"tag-news","19":"tag-noticias","20":"tag-noticias-principais","21":"tag-noticiasprincipais","22":"tag-principais-noticias","23":"tag-principaisnoticias","24":"tag-top-stories","25":"tag-topstories","26":"tag-ultimas","27":"tag-ultimas-noticias","28":"tag-ultimasnoticias","29":"tag-world","30":"tag-world-news","31":"tag-worldnews"},"share_on_mastodon":{"url":"https:\/\/pubeurope.com\/@pt\/115621103119450057","error":""},"_links":{"self":[{"href":"https:\/\/www.europesays.com\/pt\/wp-json\/wp\/v2\/posts\/166839","targetHints":{"allow":["GET"]}}],"collection":[{"href":"https:\/\/www.europesays.com\/pt\/wp-json\/wp\/v2\/posts"}],"about":[{"href":"https:\/\/www.europesays.com\/pt\/wp-json\/wp\/v2\/types\/post"}],"author":[{"embeddable":true,"href":"https:\/\/www.europesays.com\/pt\/wp-json\/wp\/v2\/users\/2"}],"replies":[{"embeddable":true,"href":"https:\/\/www.europesays.com\/pt\/wp-json\/wp\/v2\/comments?post=166839"}],"version-history":[{"count":0,"href":"https:\/\/www.europesays.com\/pt\/wp-json\/wp\/v2\/posts\/166839\/revisions"}],"wp:featuredmedia":[{"embeddable":true,"href":"https:\/\/www.europesays.com\/pt\/wp-json\/wp\/v2\/media\/166840"}],"wp:attachment":[{"href":"https:\/\/www.europesays.com\/pt\/wp-json\/wp\/v2\/media?parent=166839"}],"wp:term":[{"taxonomy":"category","embeddable":true,"href":"https:\/\/www.europesays.com\/pt\/wp-json\/wp\/v2\/categories?post=166839"},{"taxonomy":"post_tag","embeddable":true,"href":"https:\/\/www.europesays.com\/pt\/wp-json\/wp\/v2\/tags?post=166839"}],"curies":[{"name":"wp","href":"https:\/\/api.w.org\/{rel}","templated":true}]}}