{"id":166841,"date":"2025-11-27T10:06:09","date_gmt":"2025-11-27T10:06:09","guid":{"rendered":"https:\/\/www.europesays.com\/pt\/166841\/"},"modified":"2025-11-27T10:06:09","modified_gmt":"2025-11-27T10:06:09","slug":"psp-realiza-buscas-a-casa-de-macaco-e-outros-super-dragoes-num-inquerito-que-investiga-agressoes-e-roubo","status":"publish","type":"post","link":"https:\/\/www.europesays.com\/pt\/166841\/","title":{"rendered":"PSP realiza buscas a casa de &#8220;Macaco&#8221; e outros Super Drag\u00f5es num inqu\u00e9rito que investiga agress\u00f5es e roubo"},"content":{"rendered":"<p data-remotead-prev-elm=\"true\" data-remotead-elm-id=\"inread\">De acordo com informa\u00e7\u00f5es recolhidas pelo JN, a Divis\u00e3o de Investiga\u00e7\u00e3o Criminal (DIC) da PSP do Prto est\u00e1 a cumprir cerca de 15 mandados de buscas, em Gaia, no Porto, Santa Maria da Feira e outros locais.<\/p>\n<p>Em causa est\u00e3o suspeitas de agress\u00f5es e roubo, alegadamente cometidas em grupo e antes de Fernando Madureira (&#8220;Macaco&#8221;) ter sido detido na Opera\u00e7\u00e3o Pretoriano, em fevereiro de 2024.<\/p>\n<p>Ainda segundo apur\u00e1mos, esta investiga\u00e7\u00e3o que versa sobre crimes de ofensas \u00e0 integridade f\u00edsica e roubo, come\u00e7ou na sequ\u00eancia de suspeitas de burla, envolvendo ativos financeiros.<\/p>\n<p data-remotead-prev-elm=\"true\" data-remotead-elm-id=\"centro1\">Ser\u00e3o alguns membros, afetos \u00e0 principal claque do F.C. Porto, que ter\u00e3o burlado umas v\u00edtimas, prometendo retornos financeiros, ap\u00f3s investimentos. Depois de o neg\u00f3cio ter corrido mal, as duas partes marcaram um encontro para resolver o caso.<\/p>\n<p>E ter\u00e1 sido nesse encontro, pr\u00f3ximo do Est\u00e1dio do Drag\u00e3o, onde, segundo a investiga\u00e7\u00e3o, ter\u00e1 estado Fernando Madureira, que os cerca de 15 indiv\u00edduos ter\u00e3o agredido e roubado alguns objetos pertencentes \u00e0s v\u00edtimas.<\/p>\n<p>Os dois factos distintos, da alegada burla e das alegadas agress\u00f5es com roubo, foram divididos em dois inqu\u00e9ritos diferentes. As buscas desta quinta-feira, prendem-se, apenas, com as suspeitas de ofensas corporais e roubo.<\/p>\n<p>N\u00e3o est\u00e3o previstas deten\u00e7\u00f5es, as dilig\u00eancias destinam-se a recolha de provas.<\/p>\n","protected":false},"excerpt":{"rendered":"De acordo com informa\u00e7\u00f5es recolhidas pelo JN, a Divis\u00e3o de Investiga\u00e7\u00e3o Criminal (DIC) da PSP do Prto est\u00e1&hellip;\n","protected":false},"author":2,"featured_media":166842,"comment_status":"","ping_status":"","sticky":false,"template":"","format":"standard","meta":{"footnotes":""},"categories":[10],"tags":[27,28,15,16,4859,14,603,25,26,21,22,12,13,19,20,32,23,24,1306,33,17,18,29,30,31],"class_list":{"0":"post-166841","1":"post","2":"type-post","3":"status-publish","4":"format-standard","5":"has-post-thumbnail","7":"category-portugal","8":"tag-breaking-news","9":"tag-breakingnews","10":"tag-featured-news","11":"tag-featurednews","12":"tag-fernando-madureira","13":"tag-headlines","14":"tag-justica","15":"tag-latest-news","16":"tag-latestnews","17":"tag-main-news","18":"tag-mainnews","19":"tag-news","20":"tag-noticias","21":"tag-noticias-principais","22":"tag-noticiasprincipais","23":"tag-portugal","24":"tag-principais-noticias","25":"tag-principaisnoticias","26":"tag-psp","27":"tag-pt","28":"tag-top-stories","29":"tag-topstories","30":"tag-ultimas","31":"tag-ultimas-noticias","32":"tag-ultimasnoticias"},"share_on_mastodon":{"url":"https:\/\/pubeurope.com\/@pt\/115621107145309019","error":""},"_links":{"self":[{"href":"https:\/\/www.europesays.com\/pt\/wp-json\/wp\/v2\/posts\/166841","targetHints":{"allow":["GET"]}}],"collection":[{"href":"https:\/\/www.europesays.com\/pt\/wp-json\/wp\/v2\/posts"}],"about":[{"href":"https:\/\/www.europesays.com\/pt\/wp-json\/wp\/v2\/types\/post"}],"author":[{"embeddable":true,"href":"https:\/\/www.europesays.com\/pt\/wp-json\/wp\/v2\/users\/2"}],"replies":[{"embeddable":true,"href":"https:\/\/www.europesays.com\/pt\/wp-json\/wp\/v2\/comments?post=166841"}],"version-history":[{"count":0,"href":"https:\/\/www.europesays.com\/pt\/wp-json\/wp\/v2\/posts\/166841\/revisions"}],"wp:featuredmedia":[{"embeddable":true,"href":"https:\/\/www.europesays.com\/pt\/wp-json\/wp\/v2\/media\/166842"}],"wp:attachment":[{"href":"https:\/\/www.europesays.com\/pt\/wp-json\/wp\/v2\/media?parent=166841"}],"wp:term":[{"taxonomy":"category","embeddable":true,"href":"https:\/\/www.europesays.com\/pt\/wp-json\/wp\/v2\/categories?post=166841"},{"taxonomy":"post_tag","embeddable":true,"href":"https:\/\/www.europesays.com\/pt\/wp-json\/wp\/v2\/tags?post=166841"}],"curies":[{"name":"wp","href":"https:\/\/api.w.org\/{rel}","templated":true}]}}