{"id":166843,"date":"2025-11-27T10:07:44","date_gmt":"2025-11-27T10:07:44","guid":{"rendered":"https:\/\/www.europesays.com\/pt\/166843\/"},"modified":"2025-11-27T10:07:44","modified_gmt":"2025-11-27T10:07:44","slug":"reuniao-com-montenegro-veio-desanuviar-negociacoes-mas-ugt-mantem-greve-geral-codigo-do-trabalho","status":"publish","type":"post","link":"https:\/\/www.europesays.com\/pt\/166843\/","title":{"rendered":"Reuni\u00e3o com Montenegro veio \u201cdesanuviar\u201d negocia\u00e7\u00f5es, mas UGT mant\u00e9m greve geral | C\u00f3digo do Trabalho"},"content":{"rendered":"<p>A <a href=\"https:\/\/www.publico.pt\/2025\/11\/21\/politica\/noticia\/montenegro-recebe-ugt-sao-bento-proxima-quartafeira-palma-ramalho-conduz-negociacao-2155490\" target=\"_blank\" rel=\"nofollow noopener\">reuni\u00e3o<\/a> entre a UGT e o primeiro-ministro, Lu\u00eds Montenegro, que teve lugar nesta quarta-feira \u00e0 tarde, veio \u201cdesanuviar o ambiente pesado\u201d em torno das negocia\u00e7\u00f5es do pacote laboral, mas a central sindical mant\u00e9m-se firme na greve geral marcada para 11 de Dezembro.<\/p>\n<p>M\u00e1rio Mour\u00e3o, l\u00edder da UGT, destacou a import\u00e2ncia da reuni\u00e3o com Montenegro e a disponibilidade da central sindical e do Governo para &#8220;continuar a trabalhar no sentido de encontrar pontos em comum para ver se h\u00e1 ou n\u00e3o margem para um acordo\u201d.<\/p>\n<p>\u201cFoi importante para retomar o di\u00e1logo e uma negocia\u00e7\u00e3o s\u00e9ria e leal\u201d, afirmou o secret\u00e1rio-geral da UGT, que esteve na tarde desta quarta-feira em S\u00e3o Bento, acompanhado por Lucinda D\u00e2maso, presidente da central sindical e membro da comiss\u00e3o nacional do PSD.<\/p>\n<p>&#8220;N\u00e3o havendo quest\u00f5es de linhas vermelhas, isso significa que h\u00e1 um ambiente prop\u00edcio para continuar a negocia\u00e7\u00e3o, para que se chegue a bons resultados &#8220;, acrescentou.<\/p>\n<p>E apesar de &#8220;o tempo n\u00e3o ajudar&#8221;, M\u00e1rio Mour\u00e3o n\u00e3o afastou a possibilidade de chegar a um acordo com o executivo em mat\u00e9ria laboral. Contudo, alertou, isso \u201cn\u00e3o pode ser feito \u00e0 pressa&#8221; e, para j\u00e1, a <a href=\"https:\/\/www.publico.pt\/2025\/11\/13\/economia\/noticia\/secretariado-ugt-aprova-greve-geral-unanimidade-2154494\" target=\"_blank\" rel=\"nofollow noopener\">greve geral em converg\u00eancia com a CGTP<\/a> \u201cvai manter-se\u201d.<\/p>\n<p>O encontro com o primeiro-ministro foi pedido pela UGT, depois de esta central sindical ter anunciado que iria avan\u00e7ar para a greve. Na mesma altura, foram tamb\u00e9m pedidas reuni\u00f5es ao Presidente da Rep\u00fablica, Marcelo Rebelo de Sousa, e aos v\u00e1rios grupos parlamentares.<\/p>\n<p>Em Julho, o Governo apresentou cerca de 130 propostas de altera\u00e7\u00e3o ao C\u00f3digo do Trabalho e a outros diplomas laborais. Entre as medidas em cima da mesa est\u00e3o a recupera\u00e7\u00e3o do banco de horas individual, o aumento da dura\u00e7\u00e3o dos contratos a termo, a simplifica\u00e7\u00e3o dos processos de despedimento, o fim dos limites ao outsourcing, a possibilidade de a generalidade dos empregadores se oporem \u00e0 reintegra\u00e7\u00e3o do trabalhador despedido de forma il\u00edcita ou as restri\u00e7\u00f5es na amamenta\u00e7\u00e3o e no trabalho flex\u00edvel.<\/p>\n<p>A UGT acusou o Governo de, ao longo de quatro meses, n\u00e3o ter aceitado nenhuma das suas propostas e, j\u00e1 depois de ter anunciado a greve, recebeu um novo documento com alguns recuos. Essa <a href=\"https:\/\/www.publico.pt\/2025\/11\/14\/economia\/noticia\/governo-recua-repoe-tres-dias-ferias-deixa-cair-despedimento-medias-empresas-2154596\" target=\"_blank\" rel=\"nofollow noopener\">nova proposta<\/a> foi considerada \u201cinsuficiente\u201d pela central sindical.<\/p>\n<p>Na quarta-feira da semana passada, depois de mais uma reuni\u00e3o bilateral com a ministra do Trabalho, Ros\u00e1rio Palma Ramalho, a UGT j\u00e1 tinha dado nota de que \u201cn\u00e3o h\u00e1 condi\u00e7\u00f5es nem para desconvocar a greve nem para acordo\u201d, apesar da disponibilidade para continuar a negociar.<\/p>\n<p>No mesmo dia, a ministra <a href=\"https:\/\/www.publico.pt\/2025\/11\/19\/economia\/noticia\/governo-vai-dar-tempo-ugt-analisar-propostas-greve-mantemse-2155299\" target=\"_blank\" rel=\"nofollow noopener\">afirmava<\/a> que a central sindical \u201cpediu mais tempo para analisar o anteprojecto [Trabalho XXI] e para analisar as propostas de altera\u00e7\u00e3o\u201d enviadas depois do an\u00fancio da greve. \u201cNaturalmente, o Governo, dada a import\u00e2ncia deste dossier, conceder\u00e1 \u00e0 UGT o tempo suficiente para fazer essa an\u00e1lise. N\u00e3o temos qualquer raz\u00e3o para recusar, apesar de o clima ser de aproxima\u00e7\u00e3o de uma greve geral\u201d, garantiu.<\/p>\n","protected":false},"excerpt":{"rendered":"A reuni\u00e3o entre a UGT e o primeiro-ministro, Lu\u00eds Montenegro, que teve lugar nesta quarta-feira \u00e0 tarde, veio&hellip;\n","protected":false},"author":2,"featured_media":166844,"comment_status":"","ping_status":"","sticky":false,"template":"","format":"standard","meta":{"footnotes":""},"categories":[8],"tags":[27,28,847,476,15,16,301,31789,14,25,26,848,21,22,12,13,19,20,32,23,24,33,17,18,31790,29,30,31],"class_list":{"0":"post-166843","1":"post","2":"type-post","3":"status-publish","4":"format-standard","5":"has-post-thumbnail","7":"category-principais-noticias","8":"tag-breaking-news","9":"tag-breakingnews","10":"tag-codigo-do-trabalho","11":"tag-economia","12":"tag-featured-news","13":"tag-featurednews","14":"tag-governo","15":"tag-greve-geral","16":"tag-headlines","17":"tag-latest-news","18":"tag-latestnews","19":"tag-legislacao-laboral","20":"tag-main-news","21":"tag-mainnews","22":"tag-news","23":"tag-noticias","24":"tag-noticias-principais","25":"tag-noticiasprincipais","26":"tag-portugal","27":"tag-principais-noticias","28":"tag-principaisnoticias","29":"tag-pt","30":"tag-top-stories","31":"tag-topstories","32":"tag-ugt","33":"tag-ultimas","34":"tag-ultimas-noticias","35":"tag-ultimasnoticias"},"share_on_mastodon":{"url":"https:\/\/pubeurope.com\/@pt\/115621111012952503","error":""},"_links":{"self":[{"href":"https:\/\/www.europesays.com\/pt\/wp-json\/wp\/v2\/posts\/166843","targetHints":{"allow":["GET"]}}],"collection":[{"href":"https:\/\/www.europesays.com\/pt\/wp-json\/wp\/v2\/posts"}],"about":[{"href":"https:\/\/www.europesays.com\/pt\/wp-json\/wp\/v2\/types\/post"}],"author":[{"embeddable":true,"href":"https:\/\/www.europesays.com\/pt\/wp-json\/wp\/v2\/users\/2"}],"replies":[{"embeddable":true,"href":"https:\/\/www.europesays.com\/pt\/wp-json\/wp\/v2\/comments?post=166843"}],"version-history":[{"count":0,"href":"https:\/\/www.europesays.com\/pt\/wp-json\/wp\/v2\/posts\/166843\/revisions"}],"wp:featuredmedia":[{"embeddable":true,"href":"https:\/\/www.europesays.com\/pt\/wp-json\/wp\/v2\/media\/166844"}],"wp:attachment":[{"href":"https:\/\/www.europesays.com\/pt\/wp-json\/wp\/v2\/media?parent=166843"}],"wp:term":[{"taxonomy":"category","embeddable":true,"href":"https:\/\/www.europesays.com\/pt\/wp-json\/wp\/v2\/categories?post=166843"},{"taxonomy":"post_tag","embeddable":true,"href":"https:\/\/www.europesays.com\/pt\/wp-json\/wp\/v2\/tags?post=166843"}],"curies":[{"name":"wp","href":"https:\/\/api.w.org\/{rel}","templated":true}]}}