{"id":166856,"date":"2025-11-27T10:17:08","date_gmt":"2025-11-27T10:17:08","guid":{"rendered":"https:\/\/www.europesays.com\/pt\/166856\/"},"modified":"2025-11-27T10:17:08","modified_gmt":"2025-11-27T10:17:08","slug":"apple-ultrapassa-samsung-em-vendas-globais-apos-14-anos","status":"publish","type":"post","link":"https:\/\/www.europesays.com\/pt\/166856\/","title":{"rendered":"Apple ultrapassa Samsung em vendas globais ap\u00f3s 14 anos"},"content":{"rendered":"<p>A Apple vai ultrapassar em 2025 a Samsung no mercado de telem\u00f3veis pela primeira vez em 14 anos, gra\u00e7as a um aumento de 10% nas vendas do iPhone face ao ano anterior, segundo previs\u00f5es divulgadas na ter\u00e7a-feira, 26 de novembro.<\/p>\n<p>Um estudo de mercado da Counterpoint Research citado pela CNBC indica que a Apple dever\u00e1 terminar o ano com uma quota de 19,4% no mercado global de \u2018smartphones\u2019, enquanto a Samsung dever\u00e1 ficar para tr\u00e1s, com 18,7%.<\/p>\n<p>Especificamente, a gigante norte-americana dever\u00e1 vender aproximadamente 243 milh\u00f5es de iPhones em todo o mundo este ano, informou a Counterpoint Research.<\/p>\n<p>Por regi\u00f5es, as vendas do novo iPhone 17 e do iPhone Air nos Estados Unidos, nas primeiras quatro semanas ap\u00f3s o lan\u00e7amento, foram 12% superiores \u00e0s da s\u00e9rie iPhone 16, excluindo o iPhone 16e.<\/p>\n<p>Na China, as vendas da s\u00e9rie iPhone 17 durante o mesmo per\u00edodo foram 18% superiores \u00e0s do seu antecessor, adiantou a mesma fonte.\u00a0\u00a0<\/p>\n<p>&#8220;Para al\u00e9m da rece\u00e7\u00e3o muito positiva do mercado \u00e0 s\u00e9rie iPhone 17, o principal fator para a melhoria das previs\u00f5es de fornecimentos \u00e9 que o ciclo de substitui\u00e7\u00e3o atingiu o seu ponto de inflex\u00e3o. Os consumidores que compraram \u2018smartphones\u2019 durante a pandemia de COVID-19 est\u00e3o agora a entrar na fase de atualiza\u00e7\u00e3o&#8221;, afirmaram os analistas da empresa.<\/p>\n<p>A Samsung, por sua vez, pode enfrentar desafios nos segmentos de entrada e de gama m\u00e9dia do mercado de smartphones por parte dos fabricantes chineses, o que pode dificultar a capacidade da gigante sul-coreana de recuperar a lideran\u00e7a, acrescenta a Counterpoint.<\/p>\n","protected":false},"excerpt":{"rendered":"A Apple vai ultrapassar em 2025 a Samsung no mercado de telem\u00f3veis pela primeira vez em 14 anos,&hellip;\n","protected":false},"author":2,"featured_media":166857,"comment_status":"","ping_status":"","sticky":false,"template":"","format":"standard","meta":{"footnotes":""},"categories":[84],"tags":[247,109,107,108,249,32,33,952,105,103,104,954,106,110,4057],"class_list":{"0":"post-166856","1":"post","2":"type-post","3":"status-publish","4":"format-standard","5":"has-post-thumbnail","7":"category-ciencia-e-tecnologia","8":"tag-apple","9":"tag-ciencia","10":"tag-ciencia-e-tecnologia","11":"tag-cienciaetecnologia","12":"tag-iphone","13":"tag-portugal","14":"tag-pt","15":"tag-samsung","16":"tag-science","17":"tag-science-and-technology","18":"tag-scienceandtechnology","19":"tag-smartphones","20":"tag-technology","21":"tag-tecnologia","22":"tag-telemoveis"},"share_on_mastodon":{"url":"https:\/\/pubeurope.com\/@pt\/115621150290681881","error":""},"_links":{"self":[{"href":"https:\/\/www.europesays.com\/pt\/wp-json\/wp\/v2\/posts\/166856","targetHints":{"allow":["GET"]}}],"collection":[{"href":"https:\/\/www.europesays.com\/pt\/wp-json\/wp\/v2\/posts"}],"about":[{"href":"https:\/\/www.europesays.com\/pt\/wp-json\/wp\/v2\/types\/post"}],"author":[{"embeddable":true,"href":"https:\/\/www.europesays.com\/pt\/wp-json\/wp\/v2\/users\/2"}],"replies":[{"embeddable":true,"href":"https:\/\/www.europesays.com\/pt\/wp-json\/wp\/v2\/comments?post=166856"}],"version-history":[{"count":0,"href":"https:\/\/www.europesays.com\/pt\/wp-json\/wp\/v2\/posts\/166856\/revisions"}],"wp:featuredmedia":[{"embeddable":true,"href":"https:\/\/www.europesays.com\/pt\/wp-json\/wp\/v2\/media\/166857"}],"wp:attachment":[{"href":"https:\/\/www.europesays.com\/pt\/wp-json\/wp\/v2\/media?parent=166856"}],"wp:term":[{"taxonomy":"category","embeddable":true,"href":"https:\/\/www.europesays.com\/pt\/wp-json\/wp\/v2\/categories?post=166856"},{"taxonomy":"post_tag","embeddable":true,"href":"https:\/\/www.europesays.com\/pt\/wp-json\/wp\/v2\/tags?post=166856"}],"curies":[{"name":"wp","href":"https:\/\/api.w.org\/{rel}","templated":true}]}}