{"id":166861,"date":"2025-11-27T10:21:19","date_gmt":"2025-11-27T10:21:19","guid":{"rendered":"https:\/\/www.europesays.com\/pt\/166861\/"},"modified":"2025-11-27T10:21:19","modified_gmt":"2025-11-27T10:21:19","slug":"reducao-da-pena-de-cristiano-ronaldo-pode-levar-a-queixa-de-adversarios-de-portugal","status":"publish","type":"post","link":"https:\/\/www.europesays.com\/pt\/166861\/","title":{"rendered":"Redu\u00e7\u00e3o da pena de Cristiano Ronaldo pode levar a queixa de advers\u00e1rios de Portugal"},"content":{"rendered":"<p>Ainda pode fazer correr muita tinta o castigo aplicado pela FIFA a <a target=\"_blank\" class=\"editor-link autolink-enabled\" href=\"https:\/\/www.abola.pt\/futebol\/jogador\/cristiano-ronaldo-3400\" data-resource-id=\"3400\" data-resource-type=\"player\" data-sport=\"football\" rel=\"nofollow noopener\">Cristiano Ronaldo<\/a>, que foi expulso da partida frente \u00e0 <a target=\"_blank\" class=\"editor-link autolink-enabled\" href=\"https:\/\/www.abola.pt\/futebol\/republica-da-irlanda-1376\" data-resource-id=\"1376\" data-resource-type=\"team\" data-sport=\"football\" rel=\"nofollow noopener\">Irlanda<\/a> por ter dado uma cotovelada ao central Dara O&#8217;Shea.<\/p>\n<p>O capit\u00e3o da Sele\u00e7\u00e3o foi castigado com tr\u00eas jogos, mas dois deles ficaram com pena suspensa durante um ano, o que permitir\u00e1 a Ronaldo jogar na estreia de Portugal no Mundial 2026, depois de ter cumprido o jogo de castigo na partida frente \u00e0 Arm\u00e9nia, que fechou a qualifica\u00e7\u00e3o lusa.<\/p>\n<p>De acordo com o Daily Mail, os advers\u00e1rios de Portugal, que sair\u00e3o do sorteio agendado para o dia 5 de dezembro, podem avan\u00e7ar com um recurso para o Tribunal Arbitral do Desporto (TAD) com o objetivo de ver aplicada a suspens\u00e3o total a Ronaldo.<\/p>\n<p>Al\u00e9m disso, outras sele\u00e7\u00f5es que t\u00eam jogadores suspensos est\u00e3o a monitorizar a possibilidade de utilizar o exemplo do capit\u00e3o portugu\u00eas em benef\u00edcio dos seus pr\u00f3prios atletas, apontando \u00e0 poss\u00edvel diferen\u00e7a de tratamento dado aos diferentes casos.<\/p>\n<p>Um dos casos \u00e9 o de Nicol\u00e1s Otamendi, capit\u00e3o do Benfica, que foi expulso no \u00faltimo jogo de qualifica\u00e7\u00e3o da Argentina, e cuja federa\u00e7\u00e3o est\u00e1 em conversas com a FIFA para tentar anular a pena.<\/p>\n<p>Outro caso que est\u00e1 a suscitar compara\u00e7\u00f5es \u00e9 o do capit\u00e3o Arm\u00e9nio Tigran Barseghyan, que foi expulso tamb\u00e9m frente \u00e0 Irlanda, na pen\u00faltima jornada da qualifica\u00e7\u00e3o, igualmente por conduta impr\u00f3pria, tal como Cristiano Ronaldo. <\/p>\n<p><a target=\"_self\" class=\"editor-link\" href=\"https:\/\/profile.google.com\/cp\/CgkvbS8wNWNjOHQ?pf=0\" rel=\"nofollow noopener\">Siga o perfil de A BOLA no Google<\/a><\/p>\n","protected":false},"excerpt":{"rendered":"Ainda pode fazer correr muita tinta o castigo aplicado pela FIFA a Cristiano Ronaldo, que foi expulso da&hellip;\n","protected":false},"author":2,"featured_media":166862,"comment_status":"","ping_status":"","sticky":false,"template":"","format":"standard","meta":{"footnotes":""},"categories":[8],"tags":[27,28,15,16,14,25,26,21,22,12,13,19,20,32,23,24,33,17,18,29,30,31],"class_list":{"0":"post-166861","1":"post","2":"type-post","3":"status-publish","4":"format-standard","5":"has-post-thumbnail","7":"category-principais-noticias","8":"tag-breaking-news","9":"tag-breakingnews","10":"tag-featured-news","11":"tag-featurednews","12":"tag-headlines","13":"tag-latest-news","14":"tag-latestnews","15":"tag-main-news","16":"tag-mainnews","17":"tag-news","18":"tag-noticias","19":"tag-noticias-principais","20":"tag-noticiasprincipais","21":"tag-portugal","22":"tag-principais-noticias","23":"tag-principaisnoticias","24":"tag-pt","25":"tag-top-stories","26":"tag-topstories","27":"tag-ultimas","28":"tag-ultimas-noticias","29":"tag-ultimasnoticias"},"share_on_mastodon":{"url":"https:\/\/pubeurope.com\/@pt\/115621166118177449","error":""},"_links":{"self":[{"href":"https:\/\/www.europesays.com\/pt\/wp-json\/wp\/v2\/posts\/166861","targetHints":{"allow":["GET"]}}],"collection":[{"href":"https:\/\/www.europesays.com\/pt\/wp-json\/wp\/v2\/posts"}],"about":[{"href":"https:\/\/www.europesays.com\/pt\/wp-json\/wp\/v2\/types\/post"}],"author":[{"embeddable":true,"href":"https:\/\/www.europesays.com\/pt\/wp-json\/wp\/v2\/users\/2"}],"replies":[{"embeddable":true,"href":"https:\/\/www.europesays.com\/pt\/wp-json\/wp\/v2\/comments?post=166861"}],"version-history":[{"count":0,"href":"https:\/\/www.europesays.com\/pt\/wp-json\/wp\/v2\/posts\/166861\/revisions"}],"wp:featuredmedia":[{"embeddable":true,"href":"https:\/\/www.europesays.com\/pt\/wp-json\/wp\/v2\/media\/166862"}],"wp:attachment":[{"href":"https:\/\/www.europesays.com\/pt\/wp-json\/wp\/v2\/media?parent=166861"}],"wp:term":[{"taxonomy":"category","embeddable":true,"href":"https:\/\/www.europesays.com\/pt\/wp-json\/wp\/v2\/categories?post=166861"},{"taxonomy":"post_tag","embeddable":true,"href":"https:\/\/www.europesays.com\/pt\/wp-json\/wp\/v2\/tags?post=166861"}],"curies":[{"name":"wp","href":"https:\/\/api.w.org\/{rel}","templated":true}]}}