{"id":166879,"date":"2025-11-27T10:36:18","date_gmt":"2025-11-27T10:36:18","guid":{"rendered":"https:\/\/www.europesays.com\/pt\/166879\/"},"modified":"2025-11-27T10:36:18","modified_gmt":"2025-11-27T10:36:18","slug":"estou-num-local-seguro-candidato-que-reclama-vitoria-nas-presidenciais-da-guine-bissau-diz-que-escapou-a-detencao","status":"publish","type":"post","link":"https:\/\/www.europesays.com\/pt\/166879\/","title":{"rendered":"\u201cEstou num local seguro\u201d: candidato que reclama vit\u00f3ria nas presidenciais da Guin\u00e9-Bissau diz que escapou a deten\u00e7\u00e3o"},"content":{"rendered":"<p>O candidato que se considera vencedor das elei\u00e7\u00f5es presidenciais do passado domingo na Guin\u00e9-Bissau, Fernando Dias da Costa, declarou hoje \u00e0 noite ter escapado de uma alegada tentativa de deten\u00e7\u00e3o por homens armados, que ter\u00e3o levado Domingos Sim\u00f5es Pereira, l\u00edder do PAIGC.<\/p>\n<p>Dias da Costa apareceu, num v\u00eddeo colocado nas redes sociais, a falar \u201cnum lugar seguro\u201d na capital guineense ap\u00f3s ter escapado de uma alegada tentativa de deten\u00e7\u00e3o por homens armados, na sequ\u00eancia de uma reuni\u00e3o com observadores eleitorais internacionais na sua sede de campanha.<\/p>\n<p>V\u00e1rias fontes partid\u00e1rias e pol\u00edticas anunciaram que Fernando Dias da Costa teria sido detido por militares, juntamente com Domingos Sim\u00f5es Pereira, e alegadamente conduzidos ao Minist\u00e9rio do Interior, em Bissau.<\/p>\n<p>O pol\u00edtico explicou as circunst\u00e2ncias em que escapou de homens armados que os tentaram deter na sede da campanha, tendo destacado \u201ca pronta interven\u00e7\u00e3o da juventude\u201d que se encontrava na sede.<\/p>\n<p class=\"p1\">\u201cSa\u00edmos por portas traseiras do edif\u00edcio, perseguiram-nos de todas as formas, e felizmente conseguimos escapar-lhes. Estou num local seguro\u201d, disse Fernando Dias da Costa, sem especificar onde se encontra.<\/p>\n<p>Dias da Costa reafirmou que venceu as elei\u00e7\u00f5es presidenciais de domingo, questionou a quem interessa um golpe de Estado neste momento e denunciou que foram os \u201cmilitares da Presid\u00eancia da Rep\u00fablica\u201d que os tentaram \u201craptar\u201d.<\/p>\n<p>Denunciou que Domingos Sim\u00f5es Pereira e o advogado Oct\u00e1vio Lopes foram detidos e conduzidos para as celas da segunda esquadra e pediu ao povo guineense que se manifeste para exigir a sua imediata liberta\u00e7\u00e3o incondicional.<\/p>\n<p>Falando j\u00e1 em portugu\u00eas, o pol\u00edtico guineense apelou \u00e0 comunidade internacional a assumir as suas responsabilidades para que a Comiss\u00e3o Nacional de Elei\u00e7\u00f5es (CNE) possa ler os resultados eleitorais.<\/p>\n<p>Fernando Dias da Costa dirigiu-se particularmente \u00e0 Uni\u00e3o Africana, Comunidade de Pa\u00edses de L\u00edngua Portuguesa (CPLP), Comunidade Econ\u00f3mica de Estados da \u00c1frica Ocidental (CEDEAO), Uni\u00e3o Europeia (UE) e Na\u00e7\u00f5es Unidas.<\/p>\n<p>Dias da Costa disse que j\u00e1 tinha chamado a aten\u00e7\u00e3o da CEDEAO sobre o facto de os l\u00edderes da oposi\u00e7\u00e3o estarem sem seguran\u00e7as.<\/p>\n","protected":false},"excerpt":{"rendered":"O candidato que se considera vencedor das elei\u00e7\u00f5es presidenciais do passado domingo na Guin\u00e9-Bissau, Fernando Dias da Costa,&hellip;\n","protected":false},"author":2,"featured_media":166880,"comment_status":"","ping_status":"","sticky":false,"template":"","format":"standard","meta":{"footnotes":""},"categories":[8],"tags":[27,28,15,16,14,25,26,21,22,12,13,19,20,32,23,24,33,17,18,29,30,31],"class_list":{"0":"post-166879","1":"post","2":"type-post","3":"status-publish","4":"format-standard","5":"has-post-thumbnail","7":"category-principais-noticias","8":"tag-breaking-news","9":"tag-breakingnews","10":"tag-featured-news","11":"tag-featurednews","12":"tag-headlines","13":"tag-latest-news","14":"tag-latestnews","15":"tag-main-news","16":"tag-mainnews","17":"tag-news","18":"tag-noticias","19":"tag-noticias-principais","20":"tag-noticiasprincipais","21":"tag-portugal","22":"tag-principais-noticias","23":"tag-principaisnoticias","24":"tag-pt","25":"tag-top-stories","26":"tag-topstories","27":"tag-ultimas","28":"tag-ultimas-noticias","29":"tag-ultimasnoticias"},"share_on_mastodon":{"url":"https:\/\/pubeurope.com\/@pt\/115621225032875986","error":""},"_links":{"self":[{"href":"https:\/\/www.europesays.com\/pt\/wp-json\/wp\/v2\/posts\/166879","targetHints":{"allow":["GET"]}}],"collection":[{"href":"https:\/\/www.europesays.com\/pt\/wp-json\/wp\/v2\/posts"}],"about":[{"href":"https:\/\/www.europesays.com\/pt\/wp-json\/wp\/v2\/types\/post"}],"author":[{"embeddable":true,"href":"https:\/\/www.europesays.com\/pt\/wp-json\/wp\/v2\/users\/2"}],"replies":[{"embeddable":true,"href":"https:\/\/www.europesays.com\/pt\/wp-json\/wp\/v2\/comments?post=166879"}],"version-history":[{"count":0,"href":"https:\/\/www.europesays.com\/pt\/wp-json\/wp\/v2\/posts\/166879\/revisions"}],"wp:featuredmedia":[{"embeddable":true,"href":"https:\/\/www.europesays.com\/pt\/wp-json\/wp\/v2\/media\/166880"}],"wp:attachment":[{"href":"https:\/\/www.europesays.com\/pt\/wp-json\/wp\/v2\/media?parent=166879"}],"wp:term":[{"taxonomy":"category","embeddable":true,"href":"https:\/\/www.europesays.com\/pt\/wp-json\/wp\/v2\/categories?post=166879"},{"taxonomy":"post_tag","embeddable":true,"href":"https:\/\/www.europesays.com\/pt\/wp-json\/wp\/v2\/tags?post=166879"}],"curies":[{"name":"wp","href":"https:\/\/api.w.org\/{rel}","templated":true}]}}