{"id":166883,"date":"2025-11-27T10:40:24","date_gmt":"2025-11-27T10:40:24","guid":{"rendered":"https:\/\/www.europesays.com\/pt\/166883\/"},"modified":"2025-11-27T10:40:24","modified_gmt":"2025-11-27T10:40:24","slug":"pedro-desvenda-o-segredo-de-bruna-e-deixa-a-casa-em-choque-mas-ha-uma-confissao-inesperada-secret-story","status":"publish","type":"post","link":"https:\/\/www.europesays.com\/pt\/166883\/","title":{"rendered":"Pedro desvenda o segredo de Bruna e deixa a casa em choque. Mas h\u00e1 uma confiss\u00e3o inesperada &#8211; Secret Story"},"content":{"rendered":"<p>O Secret Story 9 est\u00e1 ao rubro e todos os dias h\u00e1 uma novidade bomb\u00e1stica. Esta quarta-feira n\u00e3o foi diferente:\u00a0<a href=\"https:\/\/tvi.iol.pt\/secretstory\/videos\/em-choque-total-pedro-desvenda-segredo-de-bruna-e-a-casa-fica-lavada-em-lagrimas\/692779750cf229bd2f8d4f23\" rel=\"nofollow noopener\" target=\"_blank\">Pedro desvendou o segredo de Bruna no &#8216;Especial&#8217;<\/a> e deixou a casa toda em choque e lavada em l\u00e1grimas.\u00a0<\/p>\n<p>\u00abFui diagnosticada com um linfoma\u00bb, foi esse o segredo de Bruna que apanhou os concorrentes de surpresa e <a href=\"https:\/\/tvi.iol.pt\/secretstory\/fotos\/incredulos-e-chorosos-foi-assim-que-os-concorrentes-ficaram-apos-saberem-o-segredo-de-bruna\/69281d20d34e3caad84bc291\" rel=\"nofollow noopener\" target=\"_blank\">os deixou muito chorosos e incr\u00e9dulos<\/a>, sendo que Ana e Pedro foram os mais emocionados da casa.<\/p>\n<p>Mas no meio de toda a revela\u00e7\u00e3o houve uma confiss\u00e3o inesperada e que veio precisamente de Pedro, que se mostrou lavado em l\u00e1grimas, isto porque teve algu\u00e9m pr\u00f3ximo a passar pelo mesmo e lembrou-se de tudo o que acontece num momento destes.\u00a0<\/p>\n<p>Percorra a galeria de fotografias que prepar\u00e1mos para si com as rea\u00e7\u00f5es dos concorrentes ao segredo de Bruna.<\/p>\n<p>\u00a0<\/p>\n","protected":false},"excerpt":{"rendered":"O Secret Story 9 est\u00e1 ao rubro e todos os dias h\u00e1 uma novidade bomb\u00e1stica. Esta quarta-feira n\u00e3o&hellip;\n","protected":false},"author":2,"featured_media":166884,"comment_status":"","ping_status":"","sticky":false,"template":"","format":"standard","meta":{"footnotes":""},"categories":[142],"tags":[1997,114,115,18800,14646,32,33,151,162,18801],"class_list":{"0":"post-166883","1":"post","2":"type-post","3":"status-publish","4":"format-standard","5":"has-post-thumbnail","7":"category-tv","8":"tag-bruna","9":"tag-entertainment","10":"tag-entretenimento","11":"tag-momentos-virais-secret-story","12":"tag-pedro","13":"tag-portugal","14":"tag-pt","15":"tag-tv","16":"tag-tvi","17":"tag-videos-virais-concorrentes"},"share_on_mastodon":{"url":"https:\/\/pubeurope.com\/@pt\/115621240716953889","error":""},"_links":{"self":[{"href":"https:\/\/www.europesays.com\/pt\/wp-json\/wp\/v2\/posts\/166883","targetHints":{"allow":["GET"]}}],"collection":[{"href":"https:\/\/www.europesays.com\/pt\/wp-json\/wp\/v2\/posts"}],"about":[{"href":"https:\/\/www.europesays.com\/pt\/wp-json\/wp\/v2\/types\/post"}],"author":[{"embeddable":true,"href":"https:\/\/www.europesays.com\/pt\/wp-json\/wp\/v2\/users\/2"}],"replies":[{"embeddable":true,"href":"https:\/\/www.europesays.com\/pt\/wp-json\/wp\/v2\/comments?post=166883"}],"version-history":[{"count":0,"href":"https:\/\/www.europesays.com\/pt\/wp-json\/wp\/v2\/posts\/166883\/revisions"}],"wp:featuredmedia":[{"embeddable":true,"href":"https:\/\/www.europesays.com\/pt\/wp-json\/wp\/v2\/media\/166884"}],"wp:attachment":[{"href":"https:\/\/www.europesays.com\/pt\/wp-json\/wp\/v2\/media?parent=166883"}],"wp:term":[{"taxonomy":"category","embeddable":true,"href":"https:\/\/www.europesays.com\/pt\/wp-json\/wp\/v2\/categories?post=166883"},{"taxonomy":"post_tag","embeddable":true,"href":"https:\/\/www.europesays.com\/pt\/wp-json\/wp\/v2\/tags?post=166883"}],"curies":[{"name":"wp","href":"https:\/\/api.w.org\/{rel}","templated":true}]}}