{"id":166895,"date":"2025-11-27T10:54:17","date_gmt":"2025-11-27T10:54:17","guid":{"rendered":"https:\/\/www.europesays.com\/pt\/166895\/"},"modified":"2025-11-27T10:54:17","modified_gmt":"2025-11-27T10:54:17","slug":"vem-ai-em-a-protegida-isabel-revolta-se-na-reuniao-da-fabrica-mas-oscar-alerta-a-novelas","status":"publish","type":"post","link":"https:\/\/www.europesays.com\/pt\/166895\/","title":{"rendered":"Vem a\u00ed em \u00abA Protegida\u00bb: Isabel revolta-se na reuni\u00e3o da f\u00e1brica. Mas, \u00d3scar alerta-a &#8211; Novelas"},"content":{"rendered":"<p>Em \u00abA Protegida\u00bb, <a href=\"https:\/\/tvi.iol.pt\/novelas\/ator\/isabel-nobrega\/67adfe20d34e3f0bae9a67df\" rel=\"nofollow noopener\" target=\"_blank\">Isabel (Sara Barradas<\/a>) e <a href=\"https:\/\/tvi.iol.pt\/novelas\/search?pagina=1&amp;pesquisa=joaquim+horta\" rel=\"nofollow noopener\" target=\"_blank\">\u00d3scar (Joaquim Horta)<\/a>\u00a0entram no gabinete, expectantes, mas n\u00e3o est\u00e1 l\u00e1 ningu\u00e9m. Francisco (Vitor d&#8217;Andrade) diz que os outros s\u00f3cios devem estar a chegar e nisto chegam <a href=\"https:\/\/tvi.iol.pt\/novelas\/ator\/jorge-azevedo\/67ac8611d34e3f0bae9a5724\" wbo-id=\"54\" rel=\"nofollow noopener\" target=\"_blank\">Jorge (Paulo Pires<\/a>) e <a href=\"https:\/\/tvi.iol.pt\/novelas\/ator\/clarice-azevedo\/67ac86eed34e3f0bae9a5732\" rel=\"nofollow noopener\" target=\"_blank\">Clarice (Fernanda Serrano)<\/a>. Isabel e \u00d3scar ficam tensos. Jorge diz que vai dar in\u00edcio a uma nova era na sua f\u00e1brica.<\/p>\n<p>\u00d3scar e Isabel ainda est\u00e3o surpreendidos por Jorge n\u00e3o ter sido preso, depois do desfalque que fez na f\u00e1brica. Francisco foca-se nas quest\u00f5es pr\u00e1ticas, pois quer reabrir a f\u00e1brica o mais r\u00e1pido poss\u00edvel. Isabel diz que precisa de tempo para analisar os documentos, mas Francisco relembra-a de que \u00e9 apenas uma s\u00f3cia minorit\u00e1ria e a sua opini\u00e3o n\u00e3o vale muito.<\/p>\n<p>Isabel est\u00e1 indignada e acha que n\u00e3o foi fazer nada \u00e0 reuni\u00e3o da f\u00e1brica. Isabel diz que est\u00e1 cansada de lutar, mas \u00d3scar relembra-a dos motivos para continuar e incentiva-a a n\u00e3o desistir. Isabel fica mais otimista.<\/p>\n<p>Recorde-se que Francisco tentou comprar a parte de JD a Isabel:<\/p>\n","protected":false},"excerpt":{"rendered":"Em \u00abA Protegida\u00bb, Isabel (Sara Barradas) e \u00d3scar (Joaquim Horta)\u00a0entram no gabinete, expectantes, mas n\u00e3o est\u00e1 l\u00e1 ningu\u00e9m.&hellip;\n","protected":false},"author":2,"featured_media":166896,"comment_status":"","ping_status":"","sticky":false,"template":"","format":"standard","meta":{"footnotes":""},"categories":[142],"tags":[168,160,7591,166,114,115,1408,157,167,2910,1406,886,164,161,1409,158,883,165,159,32,33,156,2907,163,151,162],"class_list":{"0":"post-166895","1":"post","2":"type-post","3":"status-publish","4":"format-standard","5":"has-post-thumbnail","7":"category-tv","8":"tag-a-protegida","9":"tag-ana-guiomar","10":"tag-clarice","11":"tag-cristina-ferreira","12":"tag-entertainment","13":"tag-entretenimento","14":"tag-fernanda-serrano","15":"tag-festa-e-festa","16":"tag-ficcao","17":"tag-isabel","18":"tag-joaquim-horta","19":"tag-jorge","20":"tag-jose-fidalgo","21":"tag-novelas","22":"tag-oscar","23":"tag-para-sempre","24":"tag-paulo-pires","25":"tag-pedro-sousa","26":"tag-pedro-teixeira","27":"tag-portugal","28":"tag-pt","29":"tag-queridos-papas","30":"tag-sara-barradas","31":"tag-tiago-teotonio-pereira","32":"tag-tv","33":"tag-tvi"},"share_on_mastodon":{"url":"https:\/\/pubeurope.com\/@pt\/115621295760614307","error":""},"_links":{"self":[{"href":"https:\/\/www.europesays.com\/pt\/wp-json\/wp\/v2\/posts\/166895","targetHints":{"allow":["GET"]}}],"collection":[{"href":"https:\/\/www.europesays.com\/pt\/wp-json\/wp\/v2\/posts"}],"about":[{"href":"https:\/\/www.europesays.com\/pt\/wp-json\/wp\/v2\/types\/post"}],"author":[{"embeddable":true,"href":"https:\/\/www.europesays.com\/pt\/wp-json\/wp\/v2\/users\/2"}],"replies":[{"embeddable":true,"href":"https:\/\/www.europesays.com\/pt\/wp-json\/wp\/v2\/comments?post=166895"}],"version-history":[{"count":0,"href":"https:\/\/www.europesays.com\/pt\/wp-json\/wp\/v2\/posts\/166895\/revisions"}],"wp:featuredmedia":[{"embeddable":true,"href":"https:\/\/www.europesays.com\/pt\/wp-json\/wp\/v2\/media\/166896"}],"wp:attachment":[{"href":"https:\/\/www.europesays.com\/pt\/wp-json\/wp\/v2\/media?parent=166895"}],"wp:term":[{"taxonomy":"category","embeddable":true,"href":"https:\/\/www.europesays.com\/pt\/wp-json\/wp\/v2\/categories?post=166895"},{"taxonomy":"post_tag","embeddable":true,"href":"https:\/\/www.europesays.com\/pt\/wp-json\/wp\/v2\/tags?post=166895"}],"curies":[{"name":"wp","href":"https:\/\/api.w.org\/{rel}","templated":true}]}}