{"id":166900,"date":"2025-11-27T11:04:17","date_gmt":"2025-11-27T11:04:17","guid":{"rendered":"https:\/\/www.europesays.com\/pt\/166900\/"},"modified":"2025-11-27T11:04:17","modified_gmt":"2025-11-27T11:04:17","slug":"homem-assassinado-pela-irma-em-vila-franca-do-campo","status":"publish","type":"post","link":"https:\/\/www.europesays.com\/pt\/166900\/","title":{"rendered":"Homem assassinado pela irm\u00e3 em Vila Franca do Campo"},"content":{"rendered":"<p>Segundo apurou o A\u00e7oriano Oriental, o homic\u00eddio ocorreu no \u00e2mbito de um caso de viol\u00eancia dom\u00e9stica, com a presum\u00edvel agressora, que se encontrava alcoolizada, a esfaquear com viol\u00eancia a v\u00edtima, na zona do tronco, ap\u00f3s uma briga familiar.<\/p>\n<p>Apesar de ainda ter sido transportado para o Hospital do Divino Esp\u00edrito Santo, em Ponta Delgada, o homem viria a falecer.<\/p>\n<p>Sabe o jornal que a principal suspeita das autoridades ainda n\u00e3o foi detida, por se encontrar, presentemente, no servi\u00e7o de psiquiatria do HDES, devendo ser detida mal tenha alta.<\/p>\n","protected":false},"excerpt":{"rendered":"Segundo apurou o A\u00e7oriano Oriental, o homic\u00eddio ocorreu no \u00e2mbito de um caso de viol\u00eancia dom\u00e9stica, com a&hellip;\n","protected":false},"author":2,"featured_media":164071,"comment_status":"","ping_status":"","sticky":false,"template":"","format":"standard","meta":{"footnotes":""},"categories":[10],"tags":[27,28,15,16,14,25,26,21,22,12,13,19,20,32,23,24,33,17,18,29,30,31],"class_list":{"0":"post-166900","1":"post","2":"type-post","3":"status-publish","4":"format-standard","5":"has-post-thumbnail","7":"category-portugal","8":"tag-breaking-news","9":"tag-breakingnews","10":"tag-featured-news","11":"tag-featurednews","12":"tag-headlines","13":"tag-latest-news","14":"tag-latestnews","15":"tag-main-news","16":"tag-mainnews","17":"tag-news","18":"tag-noticias","19":"tag-noticias-principais","20":"tag-noticiasprincipais","21":"tag-portugal","22":"tag-principais-noticias","23":"tag-principaisnoticias","24":"tag-pt","25":"tag-top-stories","26":"tag-topstories","27":"tag-ultimas","28":"tag-ultimas-noticias","29":"tag-ultimasnoticias"},"share_on_mastodon":{"url":"https:\/\/pubeurope.com\/@pt\/115621335196396769","error":""},"_links":{"self":[{"href":"https:\/\/www.europesays.com\/pt\/wp-json\/wp\/v2\/posts\/166900","targetHints":{"allow":["GET"]}}],"collection":[{"href":"https:\/\/www.europesays.com\/pt\/wp-json\/wp\/v2\/posts"}],"about":[{"href":"https:\/\/www.europesays.com\/pt\/wp-json\/wp\/v2\/types\/post"}],"author":[{"embeddable":true,"href":"https:\/\/www.europesays.com\/pt\/wp-json\/wp\/v2\/users\/2"}],"replies":[{"embeddable":true,"href":"https:\/\/www.europesays.com\/pt\/wp-json\/wp\/v2\/comments?post=166900"}],"version-history":[{"count":0,"href":"https:\/\/www.europesays.com\/pt\/wp-json\/wp\/v2\/posts\/166900\/revisions"}],"wp:featuredmedia":[{"embeddable":true,"href":"https:\/\/www.europesays.com\/pt\/wp-json\/wp\/v2\/media\/164071"}],"wp:attachment":[{"href":"https:\/\/www.europesays.com\/pt\/wp-json\/wp\/v2\/media?parent=166900"}],"wp:term":[{"taxonomy":"category","embeddable":true,"href":"https:\/\/www.europesays.com\/pt\/wp-json\/wp\/v2\/categories?post=166900"},{"taxonomy":"post_tag","embeddable":true,"href":"https:\/\/www.europesays.com\/pt\/wp-json\/wp\/v2\/tags?post=166900"}],"curies":[{"name":"wp","href":"https:\/\/api.w.org\/{rel}","templated":true}]}}