{"id":166939,"date":"2025-11-27T11:43:14","date_gmt":"2025-11-27T11:43:14","guid":{"rendered":"https:\/\/www.europesays.com\/pt\/166939\/"},"modified":"2025-11-27T11:43:14","modified_gmt":"2025-11-27T11:43:14","slug":"astronautas-russos-e-da-nasa-decolam-rumo-a-estacao-espacial-internacional","status":"publish","type":"post","link":"https:\/\/www.europesays.com\/pt\/166939\/","title":{"rendered":"Astronautas russos e da Nasa decolam rumo \u00e0 Esta\u00e7\u00e3o Espacial Internacional"},"content":{"rendered":"<p data-start=\"49\" data-end=\"284\" class=\"my-5 break-words group-[.isActiveSource]:text-xl\">A nave russa <strong data-start=\"64\" data-end=\"79\" class=\"group-[.isActiveSource]:text-xl group-[.isActiveSource]:font-bold\">Soyuz MS-28<\/strong> decolou rumo \u00e0 Esta\u00e7\u00e3o Espacial Internacional (ISS) nesta quinta-feira (27) com dois cosmonautas russos e um astronauta da Nasa a bordo, conforme mostrou uma transmiss\u00e3o ao vivo do lan\u00e7amento. O foguete <strong data-start=\"296\" data-end=\"310\" class=\"group-[.isActiveSource]:text-xl group-[.isActiveSource]:font-bold\">Soyuz 2.1a<\/strong> decolou do Cosm\u00f3dromo de Baikonur, no Cazaquist\u00e3o, \u00e0s 6h28 (hor\u00e1rio de Bras\u00edlia).<\/p>\n<p data-start=\"286\" data-end=\"404\" class=\"my-5 break-words group-[.isActiveSource]:text-xl\">A tripula\u00e7\u00e3o inclu\u00eda o comandante russo <strong data-start=\"446\" data-end=\"470\" class=\"group-[.isActiveSource]:text-xl group-[.isActiveSource]:font-bold\">Sergei Kud-Sverchkov<\/strong>, realizando <a href=\"https:\/\/www.cnnbrasil.com.br\/tecnologia\/tres-astronautas-voltam-a-terra-da-estacao-espacial-internacional\/\" class=\"text-red-600 underline hover:text-red-500 font-medium break-words group-[.isActiveSource]:text-xl\" target=\"_self\" rel=\"nofollow noopener\">seu segundo voo espacial<\/a>, o tamb\u00e9m cosmonauta russo <strong data-start=\"535\" data-end=\"553\" class=\"group-[.isActiveSource]:text-xl group-[.isActiveSource]:font-bold\">Sergei Mikayev<\/strong> e o astronauta americano <strong data-start=\"577\" data-end=\"601\" class=\"group-[.isActiveSource]:text-xl group-[.isActiveSource]:font-bold\">Christopher Williams<\/strong>, ambos viajando ao espa\u00e7o pela primeira vez.<\/p>\n<p data-start=\"648\" data-end=\"831\" class=\"my-5 break-words group-[.isActiveSource]:text-xl\">Ap\u00f3s a decolagem, estava previsto que a Soyuz orbitasse a Terra duas vezes antes de realizar uma acoplagem automatizada com o m\u00f3dulo Rassvet da ISS \u00e0s 10h38 (hor\u00e1rio de Bras\u00edlia) ainda nesta quinta.<\/p>\n<p data-start=\"833\" data-end=\"1009\" class=\"my-5 break-words group-[.isActiveSource]:text-xl\">Depois de acoplados, os tripulantes entrar\u00e3o na ISS, onde devem permanecer pelos pr\u00f3ximos oito meses. O retorno \u00e0 Terra est\u00e1 atualmente planejado para o final de julho de 2026.<\/p>\n","protected":false},"excerpt":{"rendered":"A nave russa Soyuz MS-28 decolou rumo \u00e0 Esta\u00e7\u00e3o Espacial Internacional (ISS) nesta quinta-feira (27) com dois cosmonautas&hellip;\n","protected":false},"author":2,"featured_media":166940,"comment_status":"","ping_status":"","sticky":false,"template":"","format":"standard","meta":{"footnotes":""},"categories":[84],"tags":[109,107,108,32,33,105,103,104,106,110],"class_list":{"0":"post-166939","1":"post","2":"type-post","3":"status-publish","4":"format-standard","5":"has-post-thumbnail","7":"category-ciencia-e-tecnologia","8":"tag-ciencia","9":"tag-ciencia-e-tecnologia","10":"tag-cienciaetecnologia","11":"tag-portugal","12":"tag-pt","13":"tag-science","14":"tag-science-and-technology","15":"tag-scienceandtechnology","16":"tag-technology","17":"tag-tecnologia"},"share_on_mastodon":{"url":"https:\/\/pubeurope.com\/@pt\/115621488892882562","error":""},"_links":{"self":[{"href":"https:\/\/www.europesays.com\/pt\/wp-json\/wp\/v2\/posts\/166939","targetHints":{"allow":["GET"]}}],"collection":[{"href":"https:\/\/www.europesays.com\/pt\/wp-json\/wp\/v2\/posts"}],"about":[{"href":"https:\/\/www.europesays.com\/pt\/wp-json\/wp\/v2\/types\/post"}],"author":[{"embeddable":true,"href":"https:\/\/www.europesays.com\/pt\/wp-json\/wp\/v2\/users\/2"}],"replies":[{"embeddable":true,"href":"https:\/\/www.europesays.com\/pt\/wp-json\/wp\/v2\/comments?post=166939"}],"version-history":[{"count":0,"href":"https:\/\/www.europesays.com\/pt\/wp-json\/wp\/v2\/posts\/166939\/revisions"}],"wp:featuredmedia":[{"embeddable":true,"href":"https:\/\/www.europesays.com\/pt\/wp-json\/wp\/v2\/media\/166940"}],"wp:attachment":[{"href":"https:\/\/www.europesays.com\/pt\/wp-json\/wp\/v2\/media?parent=166939"}],"wp:term":[{"taxonomy":"category","embeddable":true,"href":"https:\/\/www.europesays.com\/pt\/wp-json\/wp\/v2\/categories?post=166939"},{"taxonomy":"post_tag","embeddable":true,"href":"https:\/\/www.europesays.com\/pt\/wp-json\/wp\/v2\/tags?post=166939"}],"curies":[{"name":"wp","href":"https:\/\/api.w.org\/{rel}","templated":true}]}}