{"id":166947,"date":"2025-11-27T11:47:33","date_gmt":"2025-11-27T11:47:33","guid":{"rendered":"https:\/\/www.europesays.com\/pt\/166947\/"},"modified":"2025-11-27T11:47:33","modified_gmt":"2025-11-27T11:47:33","slug":"servico-de-imigracao-dos-eua-detem-ex-cunhada-da-porta-voz-da-casa-branca-jornal-de-noticias","status":"publish","type":"post","link":"https:\/\/www.europesays.com\/pt\/166947\/","title":{"rendered":"Servi\u00e7o de Imigra\u00e7\u00e3o dos EUA det\u00e9m ex-cunhada da porta-voz da Casa Branca &#8211; Jornal de Not\u00edcias"},"content":{"rendered":"<ol>\n<li><a href=\"https:\/\/news.google.com\/rss\/articles\/CBMiqwFBVV95cUxOZlRlSmw5UkxUM2JEU1dXVTBRSWctQkt3R2xFYVh2WXRDbjV3NVJYN2JKYlRORmNSeHVlV0RJalctbjRnN2lCeGJBVklVSVZsajdKTUpHRUFyNjFqUkMzOFJYY0QwRHBGRjA5YnRjckswQXZxSjlGMndRSElZNkVDY3RfdTB3VTNQNkhLZEYtdmhsU2J2WThkSzZYQ3NPbjNMSmNnUjNMVnZ6S2_SAZ8BQVVfeXFMTTVON196WnVHbnc0VW5QWU44a0lmUURWN1N4OFdwY09sbExIZWhoVkd4cHhKakthdHRqRlBBV1lmcXEtckg1SndGaURlMFlBaDhhQnV6d1BaVF9YcTVwNV9mRmtaNG1ucVh0R0pkQmJydk9kQVhqUkM5Q0dEQkU3ek9Xc1IxZ1NNWDBQMVRxM21fNHJRZWs4ekRkNmhYX3NN?oc=5\" target=\"_blank\" rel=\"nofollow noopener\">Servi\u00e7o de Imigra\u00e7\u00e3o dos EUA det\u00e9m ex-cunhada da porta-voz da Casa Branca<\/a>&nbsp;&nbsp;Jornal de Not\u00edcias<\/li>\n<li><a href=\"https:\/\/news.google.com\/rss\/articles\/CBMixwFBVV95cUxOdEV6NkJTMC1jb0tVYnZ6Zmp6SWlFSVhaNU9nMHJSVHl1TW1LbkV1UlR1SnFteDdPSGhwckxaXzdkU3pWN1V2dXlGeHhVU3l6UzlMZTB1dEpQcUtMc3RCYlZKRFpWN0hIVnlpM0ZFdkVNMmlMY1FzbEtxTHdRaFhXSWNfNF9saFJqM1YteC1uOWNETGh6RGtyc2ZTaW9rNlBQSUN5TlVmOG5LUFNpR29uNEhJNnMxeDM3Rk9sQk5NbGx1SEVpbGJr0gHWAUFVX3lxTE96VlZ4TDV0VWpueEJ4UjNyRE54Z2NpQjc3MUVpeUhGZzdwa19TeV81OWplSG1NZzMxaDJGWEhTSzQ2bjJta3lmY3NKazFRaFQ5OTZvOF9ibm53enlZSDNWSXhuWmdrWTd4eEdaOEl6dTBHdWk3UGFyc0cyUHV2NjVvMTlwSWJiWmMxVXNVb3pvYXVJbHp1WGc4Y3lxU0FxcHdYZnlFMExKZ3dJZnc4ZEw3bFpLWlYxZDc5aURBdG4tSmVRR01BOGhHSmtVWHhzVUg2eG9uY2c?oc=5\" target=\"_blank\" rel=\"nofollow noopener\">Brasileira que \u00e9 m\u00e3e do sobrinho da secret\u00e1ria de imprensa de Trump \u00e9 detida pelo ICE nos EUA<\/a>&nbsp;&nbsp;G1<\/li>\n<li><a href=\"https:\/\/news.google.com\/rss\/articles\/CBMiYkFVX3lxTE9tRlZ0LXp4RjJMd2VBZ0FPR1liaEx3Xzdoc2dKZTdnSXFKR0pQenlVdUhSckpBMm5aY1ZTa0VzY2ZKR0w5U0ZjdWxNRmpwTEVLaW1ENjFud2NIVVQwZ29kSk1n?oc=5\" target=\"_blank\" rel=\"nofollow noopener\">A brasileira parente de porta-voz da Casa Branca presa pelo servi\u00e7o de imigra\u00e7\u00e3o de Trump<\/a>&nbsp;&nbsp;BBC<\/li>\n<li><a href=\"https:\/\/news.google.com\/rss\/articles\/CBMi0AFBVV95cUxOeVZGT2FKZl90cXotTUtpVGNQdVp6UURjakZmWnR6T2tfTmwwcEw5cVZOd090QlpiWnpxNnFraGpDOFJXcUhud1AtQWhMc3NUa3Z5Y1RSSHRCWjRLTFlMUlZFd0pDZjBzUU9CVTN2S2FRaTlDWE1MTVNXd1B1S1JwN1ZlNUVjZXlSUlFKQ2xIWVB4WU9BdDhBWjFNaUF5RkRmdWRZQUxCRkN5Ylo2VTVjUDlCdlNjX3FDZU1kc01fc1o3a2x4eHpySUdTc0sxOTFB?oc=5\" target=\"_blank\" rel=\"nofollow noopener\">Imigra\u00e7\u00e3o dos EUA prende brasileira m\u00e3e de sobrinho de secret\u00e1ria de Trump<\/a>&nbsp;&nbsp;UOL Not\u00edcias<\/li>\n<li><a href=\"https:\/\/news.google.com\/rss\/articles\/CBMitwFBVV95cUxNc3dKdUQyTlJyNHg4cFRfNUFhdUd6QlU5anJYNWw0Z2J1ZDFoLTNoSVBONVRRNVlodDFuVnVUWS12T3pNbjZZVC1mMDdfaW1INmtreVdMSW9nYll5eHJGdk1tN1V6OTBmTnpwMm1GMHJUZXlQSkJaaDBwNl91Z01HTzZGRlp5SHhad2hfZmxmM1c4V1VXYWtQRW52R1BIZHVyLTI1Y1ZncnN6QVN5U2M4WUpHZE5rTlU?oc=5\" target=\"_blank\" rel=\"nofollow noopener\">\u00c0 CNN, advogado de brasileira ligada \u00e0 porta-voz de Trump denuncia pris\u00e3o<\/a>&nbsp;&nbsp;CNN Brasil<\/li>\n<\/ol>\n","protected":false},"excerpt":{"rendered":"Servi\u00e7o de Imigra\u00e7\u00e3o dos EUA det\u00e9m ex-cunhada da porta-voz da Casa Branca&nbsp;&nbsp;Jornal de Not\u00edcias Brasileira que \u00e9 m\u00e3e&hellip;\n","protected":false},"author":2,"featured_media":161252,"comment_status":"","ping_status":"","sticky":false,"template":"","format":"standard","meta":{"footnotes":""},"categories":[8],"tags":[27,28,15,16,14,25,26,21,22,12,13,19,20,32,23,24,33,17,18,29,30,31],"class_list":{"0":"post-166947","1":"post","2":"type-post","3":"status-publish","4":"format-standard","5":"has-post-thumbnail","7":"category-principais-noticias","8":"tag-breaking-news","9":"tag-breakingnews","10":"tag-featured-news","11":"tag-featurednews","12":"tag-headlines","13":"tag-latest-news","14":"tag-latestnews","15":"tag-main-news","16":"tag-mainnews","17":"tag-news","18":"tag-noticias","19":"tag-noticias-principais","20":"tag-noticiasprincipais","21":"tag-portugal","22":"tag-principais-noticias","23":"tag-principaisnoticias","24":"tag-pt","25":"tag-top-stories","26":"tag-topstories","27":"tag-ultimas","28":"tag-ultimas-noticias","29":"tag-ultimasnoticias"},"share_on_mastodon":{"url":"https:\/\/pubeurope.com\/@pt\/115621504707474131","error":""},"_links":{"self":[{"href":"https:\/\/www.europesays.com\/pt\/wp-json\/wp\/v2\/posts\/166947","targetHints":{"allow":["GET"]}}],"collection":[{"href":"https:\/\/www.europesays.com\/pt\/wp-json\/wp\/v2\/posts"}],"about":[{"href":"https:\/\/www.europesays.com\/pt\/wp-json\/wp\/v2\/types\/post"}],"author":[{"embeddable":true,"href":"https:\/\/www.europesays.com\/pt\/wp-json\/wp\/v2\/users\/2"}],"replies":[{"embeddable":true,"href":"https:\/\/www.europesays.com\/pt\/wp-json\/wp\/v2\/comments?post=166947"}],"version-history":[{"count":0,"href":"https:\/\/www.europesays.com\/pt\/wp-json\/wp\/v2\/posts\/166947\/revisions"}],"wp:featuredmedia":[{"embeddable":true,"href":"https:\/\/www.europesays.com\/pt\/wp-json\/wp\/v2\/media\/161252"}],"wp:attachment":[{"href":"https:\/\/www.europesays.com\/pt\/wp-json\/wp\/v2\/media?parent=166947"}],"wp:term":[{"taxonomy":"category","embeddable":true,"href":"https:\/\/www.europesays.com\/pt\/wp-json\/wp\/v2\/categories?post=166947"},{"taxonomy":"post_tag","embeddable":true,"href":"https:\/\/www.europesays.com\/pt\/wp-json\/wp\/v2\/tags?post=166947"}],"curies":[{"name":"wp","href":"https:\/\/api.w.org\/{rel}","templated":true}]}}