{"id":167009,"date":"2025-11-27T12:47:08","date_gmt":"2025-11-27T12:47:08","guid":{"rendered":"https:\/\/www.europesays.com\/pt\/167009\/"},"modified":"2025-11-27T12:47:08","modified_gmt":"2025-11-27T12:47:08","slug":"obra-desconhecida-de-renoir-leiloada-em-paris-por-18-milhoes-de-euros","status":"publish","type":"post","link":"https:\/\/www.europesays.com\/pt\/167009\/","title":{"rendered":"Obra desconhecida de Renoir leiloada em Paris por 1,8 milh\u00f5es de euros"},"content":{"rendered":"<p>                <b>A obra at\u00e9 agora desconhecida do pintor franc\u00eas Pierre-Auguste Renoir foi vendida esta ter\u00e7a-feira por 1,8 milh\u00f5es de euros num leil\u00e3o em Paris<\/b>, informou a casa de leil\u00f5es Drouot \u00e0 ag\u00eancia France Presse.<\/p>\n<p>Intitulada \u201cL\u2019enfant et ses jouets\u201d (A crian\u00e7a e os seus brinquedos, em portugu\u00eas), a pintura a \u00f3leo retrata Jean Renoir, filho do artista, ao colo da ama Gabrielle Renard, uma das grandes musas do pintor impressionista, presente em quase 200 dos seus trabalhos.<\/p>\n<p>Criado num meio profundamente art\u00edstico, Jean Renoir viria a tornar-se um cineasta e argumentista reconhecido internacionalmente. Realizador de filmes como o cl\u00e1ssico dos anos 30 \u201cA Grande Ilus\u00e3o\u201d ou o aclamado  \u201cA Semente do \u00d3dio\u201d (1945), foi galardoado em 1975 com um \u00d3scar Honor\u00e1rio atribu\u00eddo pela Academia de Artes e Ci\u00eancias Cinematogr\u00e1ficas de Hollywood e faleceu quatro anos depois, aos 84 anos.<\/p>\n<p><b>Pintada entre 1890 e 1895, a obra permaneceu mais de um s\u00e9culo afastada da esfera p\u00fablica, tendo sido oferecida pelo pr\u00f3prio autor a Jeanne Baudot, amiga, aluna, e madrinha do filho<\/b>, que a conservou at\u00e9 falecer. A tela passou depois para Jean Griot, descrito como o seu \u201cfilho espiritual\u201d, e mais tarde para os seus herdeiros, ap\u00f3s o seu falecimento em 2011.<\/p>\n<p>Nunca antes exibida nem colocada no mercado, a obra foi avaliada em 1,5 milh\u00f5es de euros e acabou por ser adquirida por um \u201ccomprador internacional\u201d, segundo a casa de leil\u00f5es respons\u00e1vel pela venda.<\/p>\n<p>Ao apresentar a tela em leil\u00e3o, Pascal Perrin, historiador de arte e especialista em Renoir, elogiou o \u201cestado excecional da obra, que nunca foi sujeita a qualquer interven\u00e7\u00e3o de restauro\u201d. <br \/>&#13;\n            <\/p>\n","protected":false},"excerpt":{"rendered":"A obra at\u00e9 agora desconhecida do pintor franc\u00eas Pierre-Auguste Renoir foi vendida esta ter\u00e7a-feira por 1,8 milh\u00f5es de&hellip;\n","protected":false},"author":2,"featured_media":167010,"comment_status":"","ping_status":"","sticky":false,"template":"","format":"standard","meta":{"footnotes":""},"categories":[144],"tags":[207,205,206,203,201,202,204,114,115,13,32,33,420,421],"class_list":{"0":"post-167009","1":"post","2":"type-post","3":"status-publish","4":"format-standard","5":"has-post-thumbnail","7":"category-arte-e-design","8":"tag-arte","9":"tag-arte-e-design","10":"tag-artedesign","11":"tag-arts","12":"tag-arts-and-design","13":"tag-artsanddesign","14":"tag-design","15":"tag-entertainment","16":"tag-entretenimento","17":"tag-noticias","18":"tag-portugal","19":"tag-pt","20":"tag-rtp","21":"tag-rtp-noticias"},"share_on_mastodon":{"url":"https:\/\/pubeurope.com\/@pt\/115621740079540317","error":""},"_links":{"self":[{"href":"https:\/\/www.europesays.com\/pt\/wp-json\/wp\/v2\/posts\/167009","targetHints":{"allow":["GET"]}}],"collection":[{"href":"https:\/\/www.europesays.com\/pt\/wp-json\/wp\/v2\/posts"}],"about":[{"href":"https:\/\/www.europesays.com\/pt\/wp-json\/wp\/v2\/types\/post"}],"author":[{"embeddable":true,"href":"https:\/\/www.europesays.com\/pt\/wp-json\/wp\/v2\/users\/2"}],"replies":[{"embeddable":true,"href":"https:\/\/www.europesays.com\/pt\/wp-json\/wp\/v2\/comments?post=167009"}],"version-history":[{"count":0,"href":"https:\/\/www.europesays.com\/pt\/wp-json\/wp\/v2\/posts\/167009\/revisions"}],"wp:featuredmedia":[{"embeddable":true,"href":"https:\/\/www.europesays.com\/pt\/wp-json\/wp\/v2\/media\/167010"}],"wp:attachment":[{"href":"https:\/\/www.europesays.com\/pt\/wp-json\/wp\/v2\/media?parent=167009"}],"wp:term":[{"taxonomy":"category","embeddable":true,"href":"https:\/\/www.europesays.com\/pt\/wp-json\/wp\/v2\/categories?post=167009"},{"taxonomy":"post_tag","embeddable":true,"href":"https:\/\/www.europesays.com\/pt\/wp-json\/wp\/v2\/tags?post=167009"}],"curies":[{"name":"wp","href":"https:\/\/api.w.org\/{rel}","templated":true}]}}