{"id":167021,"date":"2025-11-27T12:59:20","date_gmt":"2025-11-27T12:59:20","guid":{"rendered":"https:\/\/www.europesays.com\/pt\/167021\/"},"modified":"2025-11-27T12:59:20","modified_gmt":"2025-11-27T12:59:20","slug":"ice-detem-familiar-da-porta-voz-da-casa-branca-observador","status":"publish","type":"post","link":"https:\/\/www.europesays.com\/pt\/167021\/","title":{"rendered":"ICE det\u00e9m familiar da porta-voz da Casa Branca \u2013 Observador"},"content":{"rendered":"<p>O Servi\u00e7o de Imigra\u00e7\u00e3o e Alf\u00e2ndega dos EUA (ICE, na sigla em ingl\u00eas) deteve uma familiar da porta-voz da Casa Branca, Karoline Leavitt, avan\u00e7a o <a href=\"https:\/\/www.nytimes.com\/2025\/11\/26\/us\/karoline-leavitt-ice-family-member-bruna-ferreira.html\" rel=\"nofollow noopener\" target=\"_blank\">New York Times<\/a>. Bruna Caroline Ferreira \u2014 que tem nacionalidade brasileira e \u00e9 m\u00e3e de um sobrinho de Leavitt \u2014\u00a0foi detida em meados de novembro em Boston, no estado do Massachusetts.<\/p>\n<p>A mulher estava a caminho da escola para ir buscar o filho, num sub\u00farbio de Boston, quando foi mandada parar por agentes do ICE, explicou o seu advogado, Todd Pomerleau. Depois de ser detida, foi levada para um <strong>centro de deten\u00e7\u00e3o no sul do estado do Louisiana<\/strong>, a mais de 2500 quil\u00f3metros de dist\u00e2ncia.<\/p>\n<p>O Departamento de Seguran\u00e7a Interna dos Estados Unidos emitiu, entretanto, um comunicado, no qual explica que Bruna Caroline Ferreira se <strong>encontra nos EUA de forma ilegal<\/strong>, tendo entrado no pa\u00eds quando ainda era crian\u00e7a com um visto de turista que a obrigava a deixar o pa\u00eds at\u00e9 junho de 1999 \u2014 algo que n\u00e3o aconteceu. O advogado de Bruna Ferreira contrap\u00f5e que a sua cliente est\u00e1 a aguardar um green card, o documento que concede o direito de permanecer nos EUA, tendo sido detida enquanto decorre o processo. A brasileira tinha ido a uma audi\u00eancia na primavera deste ano e aguardava a decis\u00e3o final.<\/p>\n<blockquote class=\"wp-embedded-content\" data-secret=\"NufKiegy8h\">\n<p><a href=\"https:\/\/observador.pt\/2025\/11\/21\/governo-com-particular-atencao-a-rusgas-do-ice-nas-comunidades-portuguesas-nos-eua\/\" rel=\"nofollow noopener\" target=\"_blank\">Governo com \u201cparticular aten\u00e7\u00e3o\u201d a rusgas do ICE nas comunidades portuguesas nos EUA<\/a><\/p>\n<\/blockquote>\n<p>Todd Pomerleau adiantou ainda ao New York Times que Bruna Caroline Ferreira recebeu prote\u00e7\u00e3o tempor\u00e1ria contra a deporta\u00e7\u00e3o, quando ainda era crian\u00e7a, atrav\u00e9s do programa A\u00e7\u00e3o Diferida para Chegadas na Inf\u00e2ncia (DACA). Depois de atingir a maioridade, a cidad\u00e3 brasileira n\u00e3o mais conseguiu que lhe fosse renovada a prote\u00e7\u00e3o ao abrigo desse estatuto.<\/p>\n<p>Segundo o Departamento de Seguran\u00e7a Interna, Bruna Ferreira j\u00e1 tinha sido presa anteriormente por suspeitas de agress\u00e3o mas o advogado garante que a mulher, de 33 anos, n\u00e3o tem cadastro nos EUA.<\/p>\n<p>A irm\u00e3 de Bruna Ferreira, Graziela Dos Santos Rodrigues, iniciou entretanto uma campanha no GoFundMe para ajudar a cobrir os custos legais e outras despesas relacionadas com a deten\u00e7\u00e3o.<\/p>\n<p>Bruna Ferreira j\u00e1 foi noiva do irm\u00e3o da porta-voz da Casa Branca, Michael Leavitt, mas os dois nunca se chegaram a casar. O ex-casal, agora separado, partilhava a guarda do filho, embora a crian\u00e7a viva com o pai, no estado do New Hampshire.<\/p>\n","protected":false},"excerpt":{"rendered":"O Servi\u00e7o de Imigra\u00e7\u00e3o e Alf\u00e2ndega dos EUA (ICE, na sigla em ingl\u00eas) deteve uma familiar da porta-voz&hellip;\n","protected":false},"author":2,"featured_media":167022,"comment_status":"","ping_status":"","sticky":false,"template":"","format":"standard","meta":{"footnotes":""},"categories":[8],"tags":[624,726,27,28,5914,623,15,16,14,297,25,26,21,22,62,12,13,19,20,32,23,24,33,17,18,29,30,31],"class_list":{"0":"post-167021","1":"post","2":"type-post","3":"status-publish","4":"format-standard","5":"has-post-thumbnail","7":"category-principais-noticias","8":"tag-amu00e9rica","9":"tag-brasil","10":"tag-breaking-news","11":"tag-breakingnews","12":"tag-casa-branca","13":"tag-estados-unidos-da-amu00e9rica","14":"tag-featured-news","15":"tag-featurednews","16":"tag-headlines","17":"tag-imigrau00e7u00e3o","18":"tag-latest-news","19":"tag-latestnews","20":"tag-main-news","21":"tag-mainnews","22":"tag-mundo","23":"tag-news","24":"tag-noticias","25":"tag-noticias-principais","26":"tag-noticiasprincipais","27":"tag-portugal","28":"tag-principais-noticias","29":"tag-principaisnoticias","30":"tag-pt","31":"tag-top-stories","32":"tag-topstories","33":"tag-ultimas","34":"tag-ultimas-noticias","35":"tag-ultimasnoticias"},"share_on_mastodon":{"url":"https:\/\/pubeurope.com\/@pt\/115621787350586869","error":""},"_links":{"self":[{"href":"https:\/\/www.europesays.com\/pt\/wp-json\/wp\/v2\/posts\/167021","targetHints":{"allow":["GET"]}}],"collection":[{"href":"https:\/\/www.europesays.com\/pt\/wp-json\/wp\/v2\/posts"}],"about":[{"href":"https:\/\/www.europesays.com\/pt\/wp-json\/wp\/v2\/types\/post"}],"author":[{"embeddable":true,"href":"https:\/\/www.europesays.com\/pt\/wp-json\/wp\/v2\/users\/2"}],"replies":[{"embeddable":true,"href":"https:\/\/www.europesays.com\/pt\/wp-json\/wp\/v2\/comments?post=167021"}],"version-history":[{"count":0,"href":"https:\/\/www.europesays.com\/pt\/wp-json\/wp\/v2\/posts\/167021\/revisions"}],"wp:featuredmedia":[{"embeddable":true,"href":"https:\/\/www.europesays.com\/pt\/wp-json\/wp\/v2\/media\/167022"}],"wp:attachment":[{"href":"https:\/\/www.europesays.com\/pt\/wp-json\/wp\/v2\/media?parent=167021"}],"wp:term":[{"taxonomy":"category","embeddable":true,"href":"https:\/\/www.europesays.com\/pt\/wp-json\/wp\/v2\/categories?post=167021"},{"taxonomy":"post_tag","embeddable":true,"href":"https:\/\/www.europesays.com\/pt\/wp-json\/wp\/v2\/tags?post=167021"}],"curies":[{"name":"wp","href":"https:\/\/api.w.org\/{rel}","templated":true}]}}