{"id":167034,"date":"2025-11-27T13:09:20","date_gmt":"2025-11-27T13:09:20","guid":{"rendered":"https:\/\/www.europesays.com\/pt\/167034\/"},"modified":"2025-11-27T13:09:20","modified_gmt":"2025-11-27T13:09:20","slug":"materia-escura-finalmente-observada-novo-estudo-deteta-brilho-galactico-misterioso","status":"publish","type":"post","link":"https:\/\/www.europesays.com\/pt\/167034\/","title":{"rendered":"Mat\u00e9ria escura finalmente observada? Novo estudo deteta brilho gal\u00e1ctico misterioso"},"content":{"rendered":"<p>\n         Publicado a<br \/>\n            27\/11\/2025 &#8211; 12:16 GMT+1\n            <\/p>\n<p>Um novo estudo da Universidade de T\u00f3quio afirma que o Telesc\u00f3pio Espacial de Raios Gama Fermi da NASA detetou um brilho no centro da Via L\u00e1ctea, que corresponde de perto ao que os cientistas h\u00e1 muito previram que seria produzido se <a href=\"https:\/\/www.euronews.com\/next\/2025\/03\/20\/european-space-agency-releases-trove-of-data-that-might-help-us-understand-dark-matter\" rel=\"nofollow noopener\" target=\"_blank\"><strong>part\u00edculas de mat\u00e9ria escura<\/strong><\/a> colidissem e se aniquilassem.<\/p>\n<p>Se for confirmado, assinalaria um dos maiores avan\u00e7os da f\u00edsica moderna.<\/p>\n<p>No in\u00edcio da d\u00e9cada de 1930, o astr\u00f3nomo su\u00ed\u00e7o Fritz Zwicky observou gal\u00e1xias a moverem-se muito mais depressa do que a sua massa vis\u00edvel podia explicar. Algo invis\u00edvel, mais tarde chamado mat\u00e9ria escura, parecia mant\u00ea-las unidas.<\/p>\n<p>&#8220;A mat\u00e9ria escura \u00e9 a cola invis\u00edvel que mant\u00e9m o universo unido. Este material misterioso est\u00e1 \u00e0 nossa volta e constitui a maior parte da mat\u00e9ria no universo&#8221;, disse <a href=\"https:\/\/science.nasa.gov\/dark-matter\/#:~:text=Dark%20matter%20is%20the%20invisible,the%20matter%20in%20the%20universe.\" target=\"_blank\" rel=\"noreferrer nofollow noopener\"><strong>NASA<\/strong><\/a>.<\/p>\n<p>Durante d\u00e9cadas, os cientistas s\u00f3 conseguiram inferir a sua exist\u00eancia pelo modo como deforma gal\u00e1xias e curva a luz. Como a mat\u00e9ria escura n\u00e3o interage com a for\u00e7a eletromagn\u00e9tica, n\u00e3o emite, n\u00e3o absorve nem reflete qualquer luz. Em suma, est\u00e1 l\u00e1, mas n\u00e3o a vemos.<\/p>\n<p>Isso poder\u00e1 estar a mudar.<\/p>\n<p>Com novas observa\u00e7\u00f5es do telesc\u00f3pio Fermi da NASA, o professor Tomonori Totani, da Universidade de T\u00f3quio, acredita ter identificado raios gama produzidos pela aniquila\u00e7\u00e3o de part\u00edculas hipot\u00e9ticas de mat\u00e9ria escura conhecidas como WIMPs, part\u00edculas massivas de fraca intera\u00e7\u00e3o.<\/p>\n<p>Os resultados foram publicados na <a href=\"https:\/\/iopscience.iop.org\/article\/10.1088\/1475-7516\/2025\/11\/080\" target=\"_blank\" rel=\"noreferrer nofollow noopener\"><strong>Journal of Cosmology and Astroparticle Physics<\/strong><\/a> na ter\u00e7a-feira (25 de novembro).<\/p>\n<p>Halo de raios gama que n\u00e3o devia existir<\/p>\n<p>&#8220;Detet\u00e1mos raios gama com uma energia do fot\u00e3o de 20 gigael\u00e9tron-volts (ou 20 mil milh\u00f5es de el\u00e9tron-volts, uma quantidade de energia extremamente elevada), estendendo-se numa estrutura em forma de halo em dire\u00e7\u00e3o ao centro da Via L\u00e1ctea. A componente de emiss\u00e3o de raios gama corresponde de perto \u00e0 forma esperada para o halo de mat\u00e9ria escura&#8221;, disse Totani.<\/p>\n<p>O padr\u00e3o e a intensidade dos raios gama, bem como a sua distribui\u00e7\u00e3o em halo em torno do centro gal\u00e1ctico, alinham-se quase na perfei\u00e7\u00e3o com as previs\u00f5es para colis\u00f5es de WIMPs.<\/p>\n<p>Segundo Totani, a massa inferida das part\u00edculas, aproximadamente 500 vezes a de um prot\u00e3o, est\u00e1 em linha com expectativas te\u00f3ricas de longa data.<\/p>\n<p>E, crucialmente, o sinal n\u00e3o corresponde a emiss\u00f5es de fen\u00f3menos astron\u00f3micos conhecidos, como pulsares, remanescentes de supernovas ou outras fontes comuns de raios gama.<\/p>\n<p>&#8220;Se isto estiver correto, tanto quanto sei, seria a primeira vez que a humanidade &#8216;v\u00ea&#8217; mat\u00e9ria escura. E verifica-se que a mat\u00e9ria escura \u00e9 uma nova part\u00edcula n\u00e3o inclu\u00edda no modelo padr\u00e3o atual da f\u00edsica de part\u00edculas. Isto representa um avan\u00e7o importante na astronomia e na f\u00edsica&#8221;, disse Totani.<\/p>\n<p>Mais investiga\u00e7\u00e3o necess\u00e1ria<\/p>\n<p>Mas a descoberta ainda n\u00e3o foi confirmada.<\/p>\n<p>Equipas independentes ter\u00e3o de analisar os dados e os investigadores procurar\u00e3o assinaturas de raios gama semelhantes noutros locais, sobretudo em gal\u00e1xias an\u00e3s, ricas em mat\u00e9ria escura.<\/p>\n<p>&#8220;Isso poder\u00e1 ser conseguido quando houver mais dados acumulados e, se assim for, fornecer\u00e1 provas ainda mais fortes de que os raios gama t\u00eam origem na mat\u00e9ria escura&#8221;, acrescentou Totani.<\/p>\n","protected":false},"excerpt":{"rendered":"Publicado a 27\/11\/2025 &#8211; 12:16 GMT+1 Um novo estudo da Universidade de T\u00f3quio afirma que o Telesc\u00f3pio Espacial&hellip;\n","protected":false},"author":2,"featured_media":167035,"comment_status":"","ping_status":"","sticky":false,"template":"","format":"standard","meta":{"footnotes":""},"categories":[84],"tags":[109,107,108,24502,1149,32,33,105,103,104,106,110],"class_list":{"0":"post-167034","1":"post","2":"type-post","3":"status-publish","4":"format-standard","5":"has-post-thumbnail","7":"category-ciencia-e-tecnologia","8":"tag-ciencia","9":"tag-ciencia-e-tecnologia","10":"tag-cienciaetecnologia","11":"tag-investigacao-espacial","12":"tag-nasa","13":"tag-portugal","14":"tag-pt","15":"tag-science","16":"tag-science-and-technology","17":"tag-scienceandtechnology","18":"tag-technology","19":"tag-tecnologia"},"share_on_mastodon":{"url":"https:\/\/pubeurope.com\/@pt\/115621826606110778","error":""},"_links":{"self":[{"href":"https:\/\/www.europesays.com\/pt\/wp-json\/wp\/v2\/posts\/167034","targetHints":{"allow":["GET"]}}],"collection":[{"href":"https:\/\/www.europesays.com\/pt\/wp-json\/wp\/v2\/posts"}],"about":[{"href":"https:\/\/www.europesays.com\/pt\/wp-json\/wp\/v2\/types\/post"}],"author":[{"embeddable":true,"href":"https:\/\/www.europesays.com\/pt\/wp-json\/wp\/v2\/users\/2"}],"replies":[{"embeddable":true,"href":"https:\/\/www.europesays.com\/pt\/wp-json\/wp\/v2\/comments?post=167034"}],"version-history":[{"count":0,"href":"https:\/\/www.europesays.com\/pt\/wp-json\/wp\/v2\/posts\/167034\/revisions"}],"wp:featuredmedia":[{"embeddable":true,"href":"https:\/\/www.europesays.com\/pt\/wp-json\/wp\/v2\/media\/167035"}],"wp:attachment":[{"href":"https:\/\/www.europesays.com\/pt\/wp-json\/wp\/v2\/media?parent=167034"}],"wp:term":[{"taxonomy":"category","embeddable":true,"href":"https:\/\/www.europesays.com\/pt\/wp-json\/wp\/v2\/categories?post=167034"},{"taxonomy":"post_tag","embeddable":true,"href":"https:\/\/www.europesays.com\/pt\/wp-json\/wp\/v2\/tags?post=167034"}],"curies":[{"name":"wp","href":"https:\/\/api.w.org\/{rel}","templated":true}]}}