{"id":167036,"date":"2025-11-27T13:11:50","date_gmt":"2025-11-27T13:11:50","guid":{"rendered":"https:\/\/www.europesays.com\/pt\/167036\/"},"modified":"2025-11-27T13:11:50","modified_gmt":"2025-11-27T13:11:50","slug":"a-defesa-do-25-de-abril-so-se-compreende-com-o-culminar-do-25-de-novembro","status":"publish","type":"post","link":"https:\/\/www.europesays.com\/pt\/167036\/","title":{"rendered":"\u201cA defesa do 25 de abril s\u00f3 se compreende com o culminar do 25 de novembro\u201d"},"content":{"rendered":"<p>25 de abril e 25 de novembro. Um antagonismo que tende a dividir estas duas datas. Entre a esquerda e a direita, em que espectro pol\u00edtico se enquadra o dia que se assinala esta ter\u00e7a-feira, que consolidou a democracia h\u00e1 meio s\u00e9culo?<\/p>\n<p>Ou\u00e7a o coment\u00e1rio de Miguel Prata Roque e de Cec\u00edlia Meireles na vers\u00e3o podcast do programa Linhas Vermelhas, emitido na SIC Not\u00edcias a 24 de novembro.<\/p>\n<p>\t\t<img decoding=\"async\" src=\"https:\/\/www.europesays.com\/pt\/wp-content\/uploads\/2025\/11\/1764249110_786_thumbs.web.sapo.io\"  loading=\"true\"\/><\/p>\n<p>                        Expresso<\/p>\n<p>Um debate de ideias sobre temas nacionais e internacionais. Na SIC Not\u00edcias \u00e0 segunda-feira, com Cec\u00edlia Meireles e Miguel Prata Roque. Ou\u00e7a aqui outros epis\u00f3dios:<\/p>\n","protected":false},"excerpt":{"rendered":"25 de abril e 25 de novembro. Um antagonismo que tende a dividir estas duas datas. Entre a&hellip;\n","protected":false},"author":2,"featured_media":167037,"comment_status":"","ping_status":"","sticky":false,"template":"","format":"standard","meta":{"footnotes":""},"categories":[50],"tags":[27,28,15,16,14,25,26,21,22,62,12,13,19,20,23,24,17,18,29,30,31,63,64,65],"class_list":{"0":"post-167036","1":"post","2":"type-post","3":"status-publish","4":"format-standard","5":"has-post-thumbnail","7":"category-mundo","8":"tag-breaking-news","9":"tag-breakingnews","10":"tag-featured-news","11":"tag-featurednews","12":"tag-headlines","13":"tag-latest-news","14":"tag-latestnews","15":"tag-main-news","16":"tag-mainnews","17":"tag-mundo","18":"tag-news","19":"tag-noticias","20":"tag-noticias-principais","21":"tag-noticiasprincipais","22":"tag-principais-noticias","23":"tag-principaisnoticias","24":"tag-top-stories","25":"tag-topstories","26":"tag-ultimas","27":"tag-ultimas-noticias","28":"tag-ultimasnoticias","29":"tag-world","30":"tag-world-news","31":"tag-worldnews"},"share_on_mastodon":{"url":"https:\/\/pubeurope.com\/@pt\/115621838736224758","error":""},"_links":{"self":[{"href":"https:\/\/www.europesays.com\/pt\/wp-json\/wp\/v2\/posts\/167036","targetHints":{"allow":["GET"]}}],"collection":[{"href":"https:\/\/www.europesays.com\/pt\/wp-json\/wp\/v2\/posts"}],"about":[{"href":"https:\/\/www.europesays.com\/pt\/wp-json\/wp\/v2\/types\/post"}],"author":[{"embeddable":true,"href":"https:\/\/www.europesays.com\/pt\/wp-json\/wp\/v2\/users\/2"}],"replies":[{"embeddable":true,"href":"https:\/\/www.europesays.com\/pt\/wp-json\/wp\/v2\/comments?post=167036"}],"version-history":[{"count":0,"href":"https:\/\/www.europesays.com\/pt\/wp-json\/wp\/v2\/posts\/167036\/revisions"}],"wp:featuredmedia":[{"embeddable":true,"href":"https:\/\/www.europesays.com\/pt\/wp-json\/wp\/v2\/media\/167037"}],"wp:attachment":[{"href":"https:\/\/www.europesays.com\/pt\/wp-json\/wp\/v2\/media?parent=167036"}],"wp:term":[{"taxonomy":"category","embeddable":true,"href":"https:\/\/www.europesays.com\/pt\/wp-json\/wp\/v2\/categories?post=167036"},{"taxonomy":"post_tag","embeddable":true,"href":"https:\/\/www.europesays.com\/pt\/wp-json\/wp\/v2\/tags?post=167036"}],"curies":[{"name":"wp","href":"https:\/\/api.w.org\/{rel}","templated":true}]}}