{"id":167051,"date":"2025-11-27T13:25:30","date_gmt":"2025-11-27T13:25:30","guid":{"rendered":"https:\/\/www.europesays.com\/pt\/167051\/"},"modified":"2025-11-27T13:25:30","modified_gmt":"2025-11-27T13:25:30","slug":"finlandia-abandona-neutralidade-em-noite-historica","status":"publish","type":"post","link":"https:\/\/www.europesays.com\/pt\/167051\/","title":{"rendered":"Finl\u00e2ndia Abandona Neutralidade em Noite Hist\u00f3rica"},"content":{"rendered":"<p>Falou-se muito da \u201cfinlandiza\u00e7\u00e3o\u201d da Ucr\u00e2nia. Como \u00e9 que a pr\u00f3pria Finl\u00e2ndia olha para esta ideia, tendo em conta as li\u00e7\u00f5es do seu passado?<\/p>\n<p>S\u00e3o casos totalmente diferentes e, na nossa opini\u00e3o, este n\u00e3o pode ser o caminho para a Ucr\u00e2nia. Eles precisam ter total liberdade de escolha. Por isso, acreditamos que este modelo finland\u00eas n\u00e3o deve ser utilizado como moeda de troca nas negocia\u00e7\u00f5es. Eles precisam de ter liberdade de escolha, n\u00f3s n\u00e3o tivemos. No nosso caso, quando Portugal, \u00c1ustria e Su\u00e9cia aderiram \u00e0 EFTA, apenas conseguimos celebrar acordos de associa\u00e7\u00e3o. Quando o nosso principal parceiro comercial, o Reino Unido, entrou na CEE, com muito esfor\u00e7o conseguimos chegar a um acordo de com\u00e9rcio livre com a EFTA. E o Conselho da Europa, fundado em 1949, teve a Finl\u00e2ndia como membro apenas em 1989. Por conseguinte, a Ucr\u00e2nia precisa de ter liberdade de a\u00e7\u00e3o, de modo a que o acordo n\u00e3o inclua nada que permita \u00e0 R\u00fassia impor condi\u00e7\u00f5es \u00e0 sua futura integra\u00e7\u00e3o.<\/p>\n<p>A guerra na Ucr\u00e2nia veio trazer  \u00e0 UE, como um todo, maior consci\u00eancia da amea\u00e7a da R\u00fassia. A Finl\u00e2ndia conhece bem essa amea\u00e7a. Este foi o momento de viragem em que UE percebeu que precisava para priorizar a sua defesa e tornar-se o mais independente nessa \u00e1rea?<\/p>\n<p>Sim, tem toda a raz\u00e3o. Temos o desafio de usar esta crise para p\u00f4r toda a Europa a mexer. Percebi em Bruxelas que, na NATO, era muito claro para todos que a R\u00fassia representa uma amea\u00e7a, ponto final. Mas quando pass\u00e1vamos para o outro lado do rio, para a UE, j\u00e1 n\u00e3o era t\u00e3o claro. Por isso, precisamos de uma mudan\u00e7a radical na nossa mentalidade. Agora, pela primeira vez desde a funda\u00e7\u00e3o da UE, temos de enfrentar uma amea\u00e7a real aos nossos valores. E temos de estar preparados. Prepara\u00e7\u00e3o \u00e9 talvez a palavra de ordem nesta situa\u00e7\u00e3o. N\u00e3o podemos continuar como antes. A NATO est\u00e1 a mudar os seus planos. A Europa deveria fazer o mesmo. Mas temos outras dificuldades, como a depend\u00eancia dos EUA e da China, o que limita bastante a nossa margem de manobra. Mas temos de lidar com estas quest\u00f5es, e rapidamente. Para sermos menos dependentes, de forma a termos mais e melhores op\u00e7\u00f5es dentro da UE. Compreendo que esta \u00e9 uma quest\u00e3o muito dif\u00edcil, porque a amea\u00e7a n\u00e3o \u00e9 t\u00e3o sentida aqui no Ocidente. Voc\u00eas t\u00eam outras amea\u00e7as, que n\u00f3s, no Norte, tamb\u00e9m devemos reconhecer e enfrentar da mesma forma. Mas tudo isto nos leva \u00e0 quest\u00e3o da prepara\u00e7\u00e3o, que precisamos de abordar melhor. Na Finl\u00e2ndia, sentimos isso ao longo de todos estes anos, o que significou que investimos bastante nas nossas For\u00e7as Armadas. O ataque russo \u00e0 Ucr\u00e2nia n\u00e3o foi uma surpresa para os nossos militares. Sab\u00edamos como as coisas funcionavam e \u00e9 por isso que temos uma das maiores artilharias da Europa. Esse tipo de coisas antiquadas, tanques e tudo mais. Metade da Europa ria, pensando: \u201cSer\u00e1 assim t\u00e3o importante comprar este tipo de equipamento militar?\u201d Mas agora a Hist\u00f3ria mostrou que foi a escolha certa. Por isso, conseguimos fornecer muitas muni\u00e7\u00f5es, por exemplo, \u00e0 Ucr\u00e2nia. Todos os outros pa\u00edses deveriam fazer o mesmo para estarem mais bem preparados. As metas da NATO est\u00e3o a caminhar nesse sentido. A outra parte disto \u00e9 a prepara\u00e7\u00e3o civil. Na Finl\u00e2ndia, \u00e9 tamb\u00e9m uma longa tradi\u00e7\u00e3o. Militares, setor privado e cidad\u00e3os trabalham em conjunto e planeiam o que fazer caso algo aconte\u00e7a. O planeamento \u00e9 t\u00e3o concreto que as f\u00e1bricas sabem o que devem produzir em determinadas situa\u00e7\u00f5es. Isto envolve o setor privado. Mais uma vez, \u00e9 uma quest\u00e3o de mentalidade. Uma curiosidade \u00e9 que os abrigos civis em Hels\u00ednquia s\u00e3o agora local de visita oficial mais popular. Quando as autoridades de diferentes pa\u00edses v\u00eam \u00e0 Finl\u00e2ndia, querem ver estes abrigos. Mas temos de estar preparados. O mundo mudou e agora h\u00e1 muitos atores que s\u00f3 querem o nosso mal. Estes s\u00e3o problemas europeus. A grande quest\u00e3o \u00e9 que devemos tentar manter esta ordem mundial baseada em regras. N\u00e3o podemos deixar que resultado desta guerra na Ucr\u00e2nia seja que as pot\u00eancias podem fazer o que quiserem e mudar fronteiras sem que ningu\u00e9m se preocupe. N\u00e3o seria um bom exemplo porque passaria a mensagem para o mundo inteiro, para a China e para os EUA, de que podem fazer o mesmo.<\/p>\n<p>Outra consequ\u00eancia da invas\u00e3o russa da Ucr\u00e2nia foi a ades\u00e3o da Finl\u00e2ndia (e da Su\u00e9cia) \u00e0 NATO. Os finlandeses perceberam logo que chegara o momento  de p\u00f4r fim ao n\u00e3o-alinhamento militar do pa\u00eds?<\/p>\n<p>Mudou tudo numa noite. E imagino que seja muito raro uma mudan\u00e7a destas ser liderada pelo povo, e n\u00e3o por pol\u00edticos. Naquela noite as m\u00e1scaras ca\u00edram, de tal modo que j\u00e1 n\u00e3o pod\u00edamos contar com boas rela\u00e7\u00f5es e contactos com a R\u00fassia. E depois t\u00ednhamos a op\u00e7\u00e3o da NATO. Pens\u00e1mos que, se a situa\u00e7\u00e3o se agravasse, pod\u00edamos sempre solicitar a ades\u00e3o. E j\u00e1 nos t\u00ednhamos integrado na NATO de forma t\u00e3o profunda que, na verdade, as negocia\u00e7\u00f5es para a ades\u00e3o duraram apenas algumas horas. Depois do ataque \u00e0 Ucr\u00e2nia, tudo ficou muito claro na mente dos finlandeses, que perceberam que o n\u00e3o-alinhamento j\u00e1 n\u00e3o nos servia. O mesmo aconteceu com a neutralidade, j\u00e1 n\u00e3o precisamos dela. Era uma ferramenta pol\u00edtica com a Uni\u00e3o Sovi\u00e9tica: somos neutros e tentamos manter dist\u00e2ncia deles. Mas isso mudou da noite para o dia. E o apoio \u00e0 NATO tem-se mantido acima dos 80% o tempo todo. No Parlamento temos 200 membros, apenas sete votaram contra a ades\u00e3o. <\/p>\n<p>Os EUA aumentaram a press\u00e3o e todos os membros da NATO  concordaram em aumentar as despesas militares para 5% at\u00e9 2035. A Finl\u00e2ndia j\u00e1 gasta mais de 2%  e com a R\u00fassia ali ao lado e um passado conturbado os finlandeses apoiam este objetivo?<\/p>\n<p>Com certeza, sim. No ano passado gast\u00e1mos 2,5% do PIB em Defesa. E comprometemo-nos com 3% at\u00e9 ao final de 2029. Esta meta de 5% [at\u00e9 2035] tamb\u00e9m foi aceite por n\u00f3s, sem grande discuss\u00e3o. Claro que o dinheiro precisa de vir de algum lado. Mas consideramos que a quest\u00e3o da seguran\u00e7a \u00e9 muito importante. H\u00e1 tamb\u00e9m um outro aspeto a considerar, que \u00e9 o lado da UE nesta quest\u00e3o. A UE pode, de facto, fazer muito para apoiar estes objetivos da NATO. O financiamento da UE \u00e9 uma quest\u00e3o importante neste contexto.<\/p>\n<p>A rela\u00e7\u00e3o com os EUA de Donald Trump, sobretudo na NATO, \u00e9 outro desafio para a Europa. Mas o presidente finland\u00eas Alexander Stubb \u00e9 visto como pr\u00f3ximo do presidente americano. Essa rela\u00e7\u00e3o pessoal pode ajudar  a que os dois lados trabalhem juntos com vista \u00e0 paz e outros objetivos comuns?<\/p>\n<p>Penso que, no que diz respeito \u00e0 Ucr\u00e2nia, isso ajuda. Mas, e o pr\u00f3prio presidente Stubb j\u00e1 o disse, somos muito pragm\u00e1ticos e realistas nestas quest\u00f5es. Sabemos que a Finl\u00e2ndia \u00e9 um pa\u00eds pequeno e podemos n\u00e3o ter lugar nestas mesas de negocia\u00e7\u00e3o para sempre. Mas neste momento isso ajuda. E estou muito orgulhoso do nosso presidente nesse aspeto. \u00c9 um jogador de golfe realmente bom.<\/p>\n","protected":false},"excerpt":{"rendered":"Falou-se muito da \u201cfinlandiza\u00e7\u00e3o\u201d da Ucr\u00e2nia. Como \u00e9 que a pr\u00f3pria Finl\u00e2ndia olha para esta ideia, tendo em&hellip;\n","protected":false},"author":2,"featured_media":167052,"comment_status":"","ping_status":"","sticky":false,"template":"","format":"standard","meta":{"footnotes":""},"categories":[50],"tags":[35157,27,28,306,15,16,5388,15297,14,82,25,26,21,22,62,3400,12,13,19,20,23,24,839,17,18,840,29,30,31,636,63,64,65],"class_list":{"0":"post-167051","1":"post","2":"type-post","3":"status-publish","4":"format-standard","5":"has-post-thumbnail","7":"category-mundo","8":"tag-alargamento","9":"tag-breaking-news","10":"tag-breakingnews","11":"tag-edicao-impressa","12":"tag-featured-news","13":"tag-featurednews","14":"tag-finlandia","15":"tag-guerra-na-ucania","16":"tag-headlines","17":"tag-internacional","18":"tag-latest-news","19":"tag-latestnews","20":"tag-main-news","21":"tag-mainnews","22":"tag-mundo","23":"tag-nato","24":"tag-news","25":"tag-noticias","26":"tag-noticias-principais","27":"tag-noticiasprincipais","28":"tag-principais-noticias","29":"tag-principaisnoticias","30":"tag-russia","31":"tag-top-stories","32":"tag-topstories","33":"tag-ucrania","34":"tag-ultimas","35":"tag-ultimas-noticias","36":"tag-ultimasnoticias","37":"tag-uniao-europeia","38":"tag-world","39":"tag-world-news","40":"tag-worldnews"},"share_on_mastodon":{"url":"https:\/\/pubeurope.com\/@pt\/115621889562656152","error":""},"_links":{"self":[{"href":"https:\/\/www.europesays.com\/pt\/wp-json\/wp\/v2\/posts\/167051","targetHints":{"allow":["GET"]}}],"collection":[{"href":"https:\/\/www.europesays.com\/pt\/wp-json\/wp\/v2\/posts"}],"about":[{"href":"https:\/\/www.europesays.com\/pt\/wp-json\/wp\/v2\/types\/post"}],"author":[{"embeddable":true,"href":"https:\/\/www.europesays.com\/pt\/wp-json\/wp\/v2\/users\/2"}],"replies":[{"embeddable":true,"href":"https:\/\/www.europesays.com\/pt\/wp-json\/wp\/v2\/comments?post=167051"}],"version-history":[{"count":0,"href":"https:\/\/www.europesays.com\/pt\/wp-json\/wp\/v2\/posts\/167051\/revisions"}],"wp:featuredmedia":[{"embeddable":true,"href":"https:\/\/www.europesays.com\/pt\/wp-json\/wp\/v2\/media\/167052"}],"wp:attachment":[{"href":"https:\/\/www.europesays.com\/pt\/wp-json\/wp\/v2\/media?parent=167051"}],"wp:term":[{"taxonomy":"category","embeddable":true,"href":"https:\/\/www.europesays.com\/pt\/wp-json\/wp\/v2\/categories?post=167051"},{"taxonomy":"post_tag","embeddable":true,"href":"https:\/\/www.europesays.com\/pt\/wp-json\/wp\/v2\/tags?post=167051"}],"curies":[{"name":"wp","href":"https:\/\/api.w.org\/{rel}","templated":true}]}}