{"id":167053,"date":"2025-11-27T13:26:08","date_gmt":"2025-11-27T13:26:08","guid":{"rendered":"https:\/\/www.europesays.com\/pt\/167053\/"},"modified":"2025-11-27T13:26:08","modified_gmt":"2025-11-27T13:26:08","slug":"policia-judiciaria-faz-buscas-na-camara-de-coruche","status":"publish","type":"post","link":"https:\/\/www.europesays.com\/pt\/167053\/","title":{"rendered":"Pol\u00edcia Judici\u00e1ria faz buscas na C\u00e2mara de Coruche"},"content":{"rendered":"<p>&#13;<br \/>\n<b>As buscas servem para recolha de documenta\u00e7\u00e3o nos servi\u00e7os da autarquia.<\/b> A RTP apurou que n\u00e3o foram emitidos mandados de deten\u00e7\u00e3o.&#13;\n<\/p>\n<p>&#13;<br \/>\nA autarquia \u00e9 presidida por Nuno Jos\u00e9 Azevedo (PS), eleito nas aut\u00e1rquicas de outubro e que sucede a Francisco Oliveira. O Partido Socialista obteve 32% dos votos e tr\u00eas mandatos, o mesmo n\u00famero de eleitos do movimento independente &#8220;Volta Coruche&#8221;, liderado por Dion\u00edsio Mendes, antigo presidente da c\u00e2mara eleito anteriormente pelo PS.&#13;\n<\/p>\n<p>&#13;<br \/>\n<b>A C\u00e2mara Municipal de Coruche  garante &#8220;total disponibilidade para prestar todos os esclarecimentos solicitados&#8221; e sublinha que mant\u00e9m &#8220;um compromisso firme com a transpar\u00eancia, o rigor e a responsabilidade na gest\u00e3o p\u00fablica&#8221;, princ\u00edpios que, assegura, &#8220;continuar\u00e3o a orientar a atua\u00e7\u00e3o da autarquia&#8221;.<\/b>&#13;\n<\/p>\n<p>&#13;<br \/>\nA c\u00e2mara presidida por Nuno Jos\u00e9 Azevedo (PS) estranhou, contudo, que &#8220;a informa\u00e7\u00e3o relativa \u00e0 opera\u00e7\u00e3o tenha sido divulgada publicamente antes da entrada da Pol\u00edcia Judici\u00e1ria nas instala\u00e7\u00f5es dos Pa\u00e7os do Concelho e j\u00e1 com refer\u00eancia ao \u00e2mbito das dilig\u00eancias&#8221;.<\/p>\n<p>&#8220;Naturalmente, estranh\u00e1mos&#8221;, escreve a autarquia num comunicado enviado \u00e0 Lusa.&#13;\n<\/p>\n<p>&#13;<br \/>\nAinda assim, frisa que a situa\u00e7\u00e3o &#8220;n\u00e3o altera a postura da autarquia: cooperar, esclarecer e permitir que a investiga\u00e7\u00e3o decorra com total serenidade e normalidade institucional&#8221;.&#13;\n<\/p>\n<p>&#13;<br \/>\nc\/Lusa&#13;\n<\/p>\n<p>&#13;<br \/>\n\u00a0&#13;<\/p>\n","protected":false},"excerpt":{"rendered":"&#13; As buscas servem para recolha de documenta\u00e7\u00e3o nos servi\u00e7os da autarquia. A RTP apurou que n\u00e3o foram&hellip;\n","protected":false},"author":2,"featured_media":167054,"comment_status":"","ping_status":"","sticky":false,"template":"","format":"standard","meta":{"footnotes":""},"categories":[10],"tags":[27,28,6031,35158,15,16,14,25,26,21,22,12,13,19,20,4107,32,23,24,33,17,18,29,30,31],"class_list":{"0":"post-167053","1":"post","2":"type-post","3":"status-publish","4":"format-standard","5":"has-post-thumbnail","7":"category-portugal","8":"tag-breaking-news","9":"tag-breakingnews","10":"tag-buscas","11":"tag-coruche","12":"tag-featured-news","13":"tag-featurednews","14":"tag-headlines","15":"tag-latest-news","16":"tag-latestnews","17":"tag-main-news","18":"tag-mainnews","19":"tag-news","20":"tag-noticias","21":"tag-noticias-principais","22":"tag-noticiasprincipais","23":"tag-pj","24":"tag-portugal","25":"tag-principais-noticias","26":"tag-principaisnoticias","27":"tag-pt","28":"tag-top-stories","29":"tag-topstories","30":"tag-ultimas","31":"tag-ultimas-noticias","32":"tag-ultimasnoticias"},"share_on_mastodon":{"url":"https:\/\/pubeurope.com\/@pt\/115621893625069820","error":""},"_links":{"self":[{"href":"https:\/\/www.europesays.com\/pt\/wp-json\/wp\/v2\/posts\/167053","targetHints":{"allow":["GET"]}}],"collection":[{"href":"https:\/\/www.europesays.com\/pt\/wp-json\/wp\/v2\/posts"}],"about":[{"href":"https:\/\/www.europesays.com\/pt\/wp-json\/wp\/v2\/types\/post"}],"author":[{"embeddable":true,"href":"https:\/\/www.europesays.com\/pt\/wp-json\/wp\/v2\/users\/2"}],"replies":[{"embeddable":true,"href":"https:\/\/www.europesays.com\/pt\/wp-json\/wp\/v2\/comments?post=167053"}],"version-history":[{"count":0,"href":"https:\/\/www.europesays.com\/pt\/wp-json\/wp\/v2\/posts\/167053\/revisions"}],"wp:featuredmedia":[{"embeddable":true,"href":"https:\/\/www.europesays.com\/pt\/wp-json\/wp\/v2\/media\/167054"}],"wp:attachment":[{"href":"https:\/\/www.europesays.com\/pt\/wp-json\/wp\/v2\/media?parent=167053"}],"wp:term":[{"taxonomy":"category","embeddable":true,"href":"https:\/\/www.europesays.com\/pt\/wp-json\/wp\/v2\/categories?post=167053"},{"taxonomy":"post_tag","embeddable":true,"href":"https:\/\/www.europesays.com\/pt\/wp-json\/wp\/v2\/tags?post=167053"}],"curies":[{"name":"wp","href":"https:\/\/api.w.org\/{rel}","templated":true}]}}