{"id":167055,"date":"2025-11-27T13:27:28","date_gmt":"2025-11-27T13:27:28","guid":{"rendered":"https:\/\/www.europesays.com\/pt\/167055\/"},"modified":"2025-11-27T13:27:28","modified_gmt":"2025-11-27T13:27:28","slug":"ugt-mantem-greve-mas-ha-caminho-para-negociacoes-montenegro-fala-em-espirito-construtivo-e-dialogante","status":"publish","type":"post","link":"https:\/\/www.europesays.com\/pt\/167055\/","title":{"rendered":"UGT mant\u00e9m greve mas h\u00e1 caminho para negocia\u00e7\u00f5es, Montenegro fala em \u201cesp\u00edrito construtivo e dialogante\u201d"},"content":{"rendered":"<p>Era improv\u00e1vel que da reuni\u00e3o desta tarde entre o primeiro-ministro e a UGT resultasse um recuo na greve geral convocada para 11 de dezembro. E M\u00e1rio Mour\u00e3o, secret\u00e1rio-geral da UGT, confirmou isso mesmo <a href=\"https:\/\/expresso.pt\/economia\/trabalho\/2025-11-26-leis-do-trabalho-montenegro-tenta-puxar-ugt-para-acordo-ce24bc59\" target=\"_blank\" rel=\"noopener noreferrer nofollow\">\u00e0 sa\u00edda do encontro em S\u00e3o Bento<\/a>, que sentou \u00e0 mesma mesa a comitiva da central sindical com Lu\u00eds Montenegro e a ministra do Trabalho, Ros\u00e1rio Palma Ramalho: \u201c<strong>A greve mant\u00e9m-se, n\u00e3o pusemos sequer a hip\u00f3tese de desmarcar, mas h\u00e1 disponibilidade para discutir tudo, sem linhas vermelhas.<\/strong>\u201d<\/p>\n<p><a href=\"https:\/\/expresso.pt\/subscrever?action=GEN&amp;channel=VID&amp;type=CAP&amp;source=WEB&amp;returnUrl=https:\/\/expresso.pt\/economia\/trabalho\/2025-11-26-ugt-mantem-greve-mas-ha-caminho-para-negociacoes-montenegro-fala-em-espirito-construtivo-e-dialogante-38b69749-1&amp;utm_source=expresso&amp;utm_medium=locked_article&amp;locked=true&amp;article_id=a9f1bca5-b933-4fad-8a5e-79bdf4a96dfc&amp;author_id=C\u00e1tia+Mateus,Paula+Caeiro+Varela,Matilde+Fieschi&amp;category=Trabalho\" target=\"_self\" class=\"\" rel=\"nofollow noopener\">Subscrever<\/a>J\u00e1 \u00e9 Subscritor?Fa\u00e7a login e continue a ler<a href=\"http:\/\/expresso.pt\/codigo?redirectUrl=https:\/\/expresso.pt\/economia\/trabalho\/2025-11-26-ugt-mantem-greve-mas-ha-caminho-para-negociacoes-montenegro-fala-em-espirito-construtivo-e-dialogante-38b69749-1\" target=\"_self\" class=\"\" rel=\"nofollow noopener\">Inserir C\u00f3digo<\/a>Comprou o Expresso?Insira o c\u00f3digo presente na Revista E para continuar a ler<\/p>\n","protected":false},"excerpt":{"rendered":"Era improv\u00e1vel que da reuni\u00e3o desta tarde entre o primeiro-ministro e a UGT resultasse um recuo na greve&hellip;\n","protected":false},"author":2,"featured_media":167056,"comment_status":"","ping_status":"","sticky":false,"template":"","format":"standard","meta":{"footnotes":""},"categories":[8],"tags":[27,28,15,16,14,25,26,21,22,12,13,19,20,32,23,24,33,17,18,29,30,31],"class_list":{"0":"post-167055","1":"post","2":"type-post","3":"status-publish","4":"format-standard","5":"has-post-thumbnail","7":"category-principais-noticias","8":"tag-breaking-news","9":"tag-breakingnews","10":"tag-featured-news","11":"tag-featurednews","12":"tag-headlines","13":"tag-latest-news","14":"tag-latestnews","15":"tag-main-news","16":"tag-mainnews","17":"tag-news","18":"tag-noticias","19":"tag-noticias-principais","20":"tag-noticiasprincipais","21":"tag-portugal","22":"tag-principais-noticias","23":"tag-principaisnoticias","24":"tag-pt","25":"tag-top-stories","26":"tag-topstories","27":"tag-ultimas","28":"tag-ultimas-noticias","29":"tag-ultimasnoticias"},"share_on_mastodon":{"url":"https:\/\/pubeurope.com\/@pt\/115621897731618547","error":""},"_links":{"self":[{"href":"https:\/\/www.europesays.com\/pt\/wp-json\/wp\/v2\/posts\/167055","targetHints":{"allow":["GET"]}}],"collection":[{"href":"https:\/\/www.europesays.com\/pt\/wp-json\/wp\/v2\/posts"}],"about":[{"href":"https:\/\/www.europesays.com\/pt\/wp-json\/wp\/v2\/types\/post"}],"author":[{"embeddable":true,"href":"https:\/\/www.europesays.com\/pt\/wp-json\/wp\/v2\/users\/2"}],"replies":[{"embeddable":true,"href":"https:\/\/www.europesays.com\/pt\/wp-json\/wp\/v2\/comments?post=167055"}],"version-history":[{"count":0,"href":"https:\/\/www.europesays.com\/pt\/wp-json\/wp\/v2\/posts\/167055\/revisions"}],"wp:featuredmedia":[{"embeddable":true,"href":"https:\/\/www.europesays.com\/pt\/wp-json\/wp\/v2\/media\/167056"}],"wp:attachment":[{"href":"https:\/\/www.europesays.com\/pt\/wp-json\/wp\/v2\/media?parent=167055"}],"wp:term":[{"taxonomy":"category","embeddable":true,"href":"https:\/\/www.europesays.com\/pt\/wp-json\/wp\/v2\/categories?post=167055"},{"taxonomy":"post_tag","embeddable":true,"href":"https:\/\/www.europesays.com\/pt\/wp-json\/wp\/v2\/tags?post=167055"}],"curies":[{"name":"wp","href":"https:\/\/api.w.org\/{rel}","templated":true}]}}