{"id":167068,"date":"2025-11-27T13:40:59","date_gmt":"2025-11-27T13:40:59","guid":{"rendered":"https:\/\/www.europesays.com\/pt\/167068\/"},"modified":"2025-11-27T13:40:59","modified_gmt":"2025-11-27T13:40:59","slug":"extincao-da-fundacao-jose-berardo-validada-por-tribunal-observador","status":"publish","type":"post","link":"https:\/\/www.europesays.com\/pt\/167068\/","title":{"rendered":"Extin\u00e7\u00e3o da Funda\u00e7\u00e3o Jos\u00e9 Berardo validada por Tribunal \u2013 Observador"},"content":{"rendered":"<p>Assim, determina o ac\u00f3rd\u00e3o, o secret\u00e1rio de Estado da Presid\u00eancia do Conselho de Ministros \u201cexerceu uma compet\u00eancia que, embora originariamente atribu\u00edda ao primeiro-ministro [Ant\u00f3nio Costa], foi delegada \u00e0 ministra da Presid\u00eancia [Mariana Vieira da Silva] e, por esta, foi-lhe subdelegada [a Moz Caldas]\u201d. O coletivo considera, por isso, que n\u00e3o existe nesta decis\u00e3o um \u201cv\u00edcio de incompet\u00eancia\u201d e que se verifica na senten\u00e7a de 2023 um \u201cerro de julgamento\u201d.<\/p>\n<p>Na senten\u00e7a agora proferida foi ainda refutada a decis\u00e3o de primeira inst\u00e2ncia de que tinha havido viola\u00e7\u00e3o do direito de audi\u00eancia pr\u00e9via da Funda\u00e7\u00e3o. O Tribunal Central considerou leg\u00edtima a inexist\u00eancia de audi\u00eancia pr\u00e9via, j\u00e1 que as conclus\u00f5es da auditoria da Inspe\u00e7\u00e3o-Geral de Finan\u00e7as faziam \u201crecair sobre o \u00f3rg\u00e3o de administra\u00e7\u00e3o [da Funda\u00e7\u00e3o Jos\u00e9 Berardo] uma sustentada desconfian\u00e7a sobre a sua idoneidade na gest\u00e3o do patrim\u00f3nio a liquidar (\u2026)\u201d ou seja \u201cos \u00f3rg\u00e3os de administra\u00e7\u00e3o da Funda\u00e7\u00e3o Jos\u00e9 Berardo ir\u00e3o praticar atos suscet\u00edveis de comprometer os interesses que se pretendem garantir com tais medidas, designadamente conducentes \u00e0 dissipa\u00e7\u00e3o do patrim\u00f3nio fundacional e \u00e0 subtra\u00e7\u00e3o da documenta\u00e7\u00e3o relativa \u00e0 situa\u00e7\u00e3o econ\u00f3mico e financeira da Funda\u00e7\u00e3o Jos\u00e9 Berardo\u201d.<\/p>\n<p>Al\u00e9m destas quest\u00f5es processuais, o ac\u00f3rd\u00e3o de segunda inst\u00e2ncia assume haver raz\u00f5es para o procedimento de extin\u00e7\u00e3o da Funda\u00e7\u00e3o Jos\u00e9 Berardo.<\/p>\n<p>Na primeira inst\u00e2ncia, de 2023, o juiz reverteu a decis\u00e3o do governo de Ant\u00f3nio Costa em que obrigava \u00e0 extin\u00e7\u00e3o da Funda\u00e7\u00e3o Jos\u00e9 Berardo, por considerar n\u00e3o estarem provados os argumentos do executivo de Costa que alegava que a Funda\u00e7\u00e3o n\u00e3o cumpria os seus deveres estatut\u00e1rios, desviando-se dos fins a que se destinava.<\/p>\n<p>O governo da altura argumentava ainda que a Funda\u00e7\u00e3o Jos\u00e9 Berardo visava, sobretudo, a atividade econ\u00f3mico-financeira e era usada para gerir os neg\u00f3cios de Joe Berardo, atrav\u00e9s da qual, por exemplo, contraiu d\u00edvida, nomeadamente para a aquisi\u00e7\u00e3o de a\u00e7\u00f5es do BCP.<\/p>\n<p>Ora, o juiz salientou que o relat\u00f3rio da auditoria da Inspe\u00e7\u00e3o-Geral de Finan\u00e7as, que serviu de base \u00e0 decis\u00e3o do governo, centrou-se na situa\u00e7\u00e3o econ\u00f3mico-financeira da funda\u00e7\u00e3o entre 2007 e 2018, ou seja, analisou apenas 12 dos 32 anos de exist\u00eancia da Funda\u00e7\u00e3o. Por isso, entendeu o juiz do Tribunal do Funchal\u00a0 \u201cque n\u00e3o se pode afirmar que a atividade globalmente desenvolvida pela Funda\u00e7\u00e3o se desviou, de forma permanente, reiterada e sistem\u00e1tica, dos fins de interesse social\u201d.<\/p>\n<p>Este argumento outrora usado para dar raz\u00e3o a Joe Berardo \u00e9 agora rebatido pelas desembargadoras que o per\u00edodo temporal correspondente a um ter\u00e7o da vida da Funda\u00e7\u00e3o n\u00e3o \u00e9 desproporcional. \u00c9 um intervalo de 10 anos em que a Funda\u00e7\u00e3o, diz o ac\u00f3rd\u00e3o, \u201cprosseguiu, maioritariamente, fins sem significado e interesse social. Dimens\u00e3o temporal que \u00e9, efetivamente, significativa e suficientemente relevante para demonstrar a referenciada subvers\u00e3o aos fins altru\u00edsticos para que foi criada\u201d. E, por isso, sentencia: \u201cEstando, em causa, a necessidade\u00a0 de garantir e salvaguardar a natureza e l\u00f3gica da funda\u00e7\u00e3o e dos fins de interesse social para os quais foi constitu\u00edda, num quadro temporalmente longo de desenvolvimento da atividade em subvers\u00e3o aos fins de interesse social, a medida de extin\u00e7\u00e3o mostra-se necess\u00e1ria, adequada e racional (ou proporcional em sentido restrito)\u201d.<\/p>\n","protected":false},"excerpt":{"rendered":"Assim, determina o ac\u00f3rd\u00e3o, o secret\u00e1rio de Estado da Presid\u00eancia do Conselho de Ministros \u201cexerceu uma compet\u00eancia que,&hellip;\n","protected":false},"author":2,"featured_media":167069,"comment_status":"","ping_status":"","sticky":false,"template":"","format":"standard","meta":{"footnotes":""},"categories":[10],"tags":[207,27,28,315,15,16,14,35159,25,26,21,22,12,13,19,20,32,23,24,33,58,17,18,29,30,31],"class_list":{"0":"post-167068","1":"post","2":"type-post","3":"status-publish","4":"format-standard","5":"has-post-thumbnail","7":"category-portugal","8":"tag-arte","9":"tag-breaking-news","10":"tag-breakingnews","11":"tag-cultura","12":"tag-featured-news","13":"tag-featurednews","14":"tag-headlines","15":"tag-joe-berardo","16":"tag-latest-news","17":"tag-latestnews","18":"tag-main-news","19":"tag-mainnews","20":"tag-news","21":"tag-noticias","22":"tag-noticias-principais","23":"tag-noticiasprincipais","24":"tag-portugal","25":"tag-principais-noticias","26":"tag-principaisnoticias","27":"tag-pt","28":"tag-sociedade","29":"tag-top-stories","30":"tag-topstories","31":"tag-ultimas","32":"tag-ultimas-noticias","33":"tag-ultimasnoticias"},"share_on_mastodon":{"url":"https:\/\/pubeurope.com\/@pt\/115621952398118210","error":""},"_links":{"self":[{"href":"https:\/\/www.europesays.com\/pt\/wp-json\/wp\/v2\/posts\/167068","targetHints":{"allow":["GET"]}}],"collection":[{"href":"https:\/\/www.europesays.com\/pt\/wp-json\/wp\/v2\/posts"}],"about":[{"href":"https:\/\/www.europesays.com\/pt\/wp-json\/wp\/v2\/types\/post"}],"author":[{"embeddable":true,"href":"https:\/\/www.europesays.com\/pt\/wp-json\/wp\/v2\/users\/2"}],"replies":[{"embeddable":true,"href":"https:\/\/www.europesays.com\/pt\/wp-json\/wp\/v2\/comments?post=167068"}],"version-history":[{"count":0,"href":"https:\/\/www.europesays.com\/pt\/wp-json\/wp\/v2\/posts\/167068\/revisions"}],"wp:featuredmedia":[{"embeddable":true,"href":"https:\/\/www.europesays.com\/pt\/wp-json\/wp\/v2\/media\/167069"}],"wp:attachment":[{"href":"https:\/\/www.europesays.com\/pt\/wp-json\/wp\/v2\/media?parent=167068"}],"wp:term":[{"taxonomy":"category","embeddable":true,"href":"https:\/\/www.europesays.com\/pt\/wp-json\/wp\/v2\/categories?post=167068"},{"taxonomy":"post_tag","embeddable":true,"href":"https:\/\/www.europesays.com\/pt\/wp-json\/wp\/v2\/tags?post=167068"}],"curies":[{"name":"wp","href":"https:\/\/api.w.org\/{rel}","templated":true}]}}