{"id":167084,"date":"2025-11-27T13:54:11","date_gmt":"2025-11-27T13:54:11","guid":{"rendered":"https:\/\/www.europesays.com\/pt\/167084\/"},"modified":"2025-11-27T13:54:11","modified_gmt":"2025-11-27T13:54:11","slug":"suspeito-de-atacar-guarda-nacional-em-washington-trabalhou-com-exercito-dos-eua-no-afeganistao","status":"publish","type":"post","link":"https:\/\/www.europesays.com\/pt\/167084\/","title":{"rendered":"Suspeito de atacar Guarda Nacional em Washington trabalhou com ex\u00e9rcito dos EUA no Afeganist\u00e3o"},"content":{"rendered":"<p data-remotead-prev-elm=\"true\" data-remotead-elm-id=\"inread\">O suspeito, de 29 anos, informou na quarta-feira a emissora, trabalhou com o ex\u00e9rcito norte-americano e a Ag\u00eancia Central de Intelig\u00eancia (CIA) no Afeganist\u00e3o, chegando aos Estados Unidos um m\u00eas ap\u00f3s a retirada abrupta das for\u00e7as norte-americanas daquele pa\u00eds durante a presid\u00eancia do democrata Joe Biden, em agosto de 2021.<\/p>\n<blockquote data-type=\"articles\" data-id=\"related-article-18024227\"><p>\n              <strong>Leia tamb\u00e9m <\/strong><br \/>\n              <a href=\"https:\/\/www.jn.pt\/mundo\/artigo\/dois-elementos-da-guarda-nacional-baleados-perto-da-casa-branca\/18024227\" rel=\"nofollow noopener\" target=\"_blank\">Dois militares da Guarda Nacional baleados perto da Casa Branca<\/a>\n            <\/p><\/blockquote>\n<p>A Fox News citou o diretor da CIA, John Ratcliffe, que disse que o suspeito trabalhou com os Estados Unidos em Kandahar, no sul do Afeganist\u00e3o, onde se localizava uma das maiores bases militares norte-americanas.<\/p>\n<p data-remotead-prev-elm=\"true\" data-remotead-elm-id=\"centro1\">O <strong>ataque ocorreu na tarde de quarta-feira<\/strong> no cora\u00e7\u00e3o da capital dos EUA, que est\u00e1 ocupada desde agosto por centenas de soldados da Guarda Nacional para patrulhar a cidade, a pedido do presidente dos EUA, Donald Trump, e contra o conselho de autoridades democratas locais.<\/p>\n<p>Os <strong>dois soldados feridos <\/strong>est\u00e3o &#8220;em estado cr\u00edtico&#8221; e o atirador suspeito tamb\u00e9m est\u00e1 &#8220;gravemente ferido&#8221;, escreveu Donald Trump na rede social Truth Social, chamando o agressor de &#8220;animal&#8221; e dizendo que este &#8220;pagar\u00e1 caro&#8221; pelo que fez.<\/p>\n<p>Suspensos pedidos de imigra\u00e7\u00e3o de afeg\u00e3os<\/p>\n<p>Na sequ\u00eancia do tiroteio, os Estados Unidos anunciaram a suspens\u00e3o de todos os pedidos de imigra\u00e7\u00e3o de cidad\u00e3os do Afeganist\u00e3o. A medida foi comunicada na conta oficial dos Servi\u00e7os de Cidadania e Imigra\u00e7\u00e3o e tem &#8220;efeito imediato&#8221;.<\/p>\n<p data-remotead-prev-elm=\"true\" data-remotead-elm-id=\"centro2\">De acordo com a publica\u00e7\u00e3o, todos os processos de asilo v\u00e3o permanecer suspensos &#8220;enquanto se aguarda uma nova revis\u00e3o dos protocolos de seguran\u00e7a e verifica\u00e7\u00e3o de antecedentes&#8221;.<\/p>\n<p>Antes do an\u00fancio, Trump endureceu a ret\u00f3rica anti-imigra\u00e7\u00e3o em rela\u00e7\u00e3o aos cidad\u00e3os afeg\u00e3os e classificou o ataque aos militares da Guarda Nacional em Washington D.C. como &#8220;um ato de terror&#8221;.<\/p>\n<p>Tamb\u00e9m responsabilizou diretamente o ex-presidente Joe Biden, lembrando que o suspeito entrou no pa\u00eds em 2021 ao abrigo de um programa que procurava acolher afeg\u00e3os ap\u00f3s o regresso dos talib\u00e3s ao poder. &#8220;Temos agora de voltar a examinar todos os estrangeiros que entraram no nosso pa\u00eds vindos do Afeganist\u00e3o&#8221;, disse o republicano num v\u00eddeo oficial divulgado pela Casa Branca.<\/p>\n<p>Ap\u00f3s o ataque, o secret\u00e1rio de Estado da Guerra, Pete Hegseth, afirmou que este tipo de incidentes &#8220;n\u00e3o ser\u00e1 tolerado&#8221;, especialmente porque ocorreu &#8220;a poucos passos da Casa Branca&#8221;.<\/p>\n","protected":false},"excerpt":{"rendered":"O suspeito, de 29 anos, informou na quarta-feira a emissora, trabalhou com o ex\u00e9rcito norte-americano e a Ag\u00eancia&hellip;\n","protected":false},"author":2,"featured_media":167085,"comment_status":"","ping_status":"","sticky":false,"template":"","format":"standard","meta":{"footnotes":""},"categories":[50],"tags":[15560,27,28,413,15,16,14,25,26,21,22,62,12,13,19,20,23,24,3512,17,18,29,30,31,63,64,65],"class_list":{"0":"post-167084","1":"post","2":"type-post","3":"status-publish","4":"format-standard","5":"has-post-thumbnail","7":"category-mundo","8":"tag-afeganistao","9":"tag-breaking-news","10":"tag-breakingnews","11":"tag-eua","12":"tag-featured-news","13":"tag-featurednews","14":"tag-headlines","15":"tag-latest-news","16":"tag-latestnews","17":"tag-main-news","18":"tag-mainnews","19":"tag-mundo","20":"tag-news","21":"tag-noticias","22":"tag-noticias-principais","23":"tag-noticiasprincipais","24":"tag-principais-noticias","25":"tag-principaisnoticias","26":"tag-tiroteio","27":"tag-top-stories","28":"tag-topstories","29":"tag-ultimas","30":"tag-ultimas-noticias","31":"tag-ultimasnoticias","32":"tag-world","33":"tag-world-news","34":"tag-worldnews"},"share_on_mastodon":{"url":"https:\/\/pubeurope.com\/@pt\/115622003726099812","error":""},"_links":{"self":[{"href":"https:\/\/www.europesays.com\/pt\/wp-json\/wp\/v2\/posts\/167084","targetHints":{"allow":["GET"]}}],"collection":[{"href":"https:\/\/www.europesays.com\/pt\/wp-json\/wp\/v2\/posts"}],"about":[{"href":"https:\/\/www.europesays.com\/pt\/wp-json\/wp\/v2\/types\/post"}],"author":[{"embeddable":true,"href":"https:\/\/www.europesays.com\/pt\/wp-json\/wp\/v2\/users\/2"}],"replies":[{"embeddable":true,"href":"https:\/\/www.europesays.com\/pt\/wp-json\/wp\/v2\/comments?post=167084"}],"version-history":[{"count":0,"href":"https:\/\/www.europesays.com\/pt\/wp-json\/wp\/v2\/posts\/167084\/revisions"}],"wp:featuredmedia":[{"embeddable":true,"href":"https:\/\/www.europesays.com\/pt\/wp-json\/wp\/v2\/media\/167085"}],"wp:attachment":[{"href":"https:\/\/www.europesays.com\/pt\/wp-json\/wp\/v2\/media?parent=167084"}],"wp:term":[{"taxonomy":"category","embeddable":true,"href":"https:\/\/www.europesays.com\/pt\/wp-json\/wp\/v2\/categories?post=167084"},{"taxonomy":"post_tag","embeddable":true,"href":"https:\/\/www.europesays.com\/pt\/wp-json\/wp\/v2\/tags?post=167084"}],"curies":[{"name":"wp","href":"https:\/\/api.w.org\/{rel}","templated":true}]}}