{"id":167087,"date":"2025-11-27T13:57:09","date_gmt":"2025-11-27T13:57:09","guid":{"rendered":"https:\/\/www.europesays.com\/pt\/167087\/"},"modified":"2025-11-27T13:57:09","modified_gmt":"2025-11-27T13:57:09","slug":"kevin-spacey-tera-novo-julgamento-por-agressao-sexual-26-11-2025-ilustrada","status":"publish","type":"post","link":"https:\/\/www.europesays.com\/pt\/167087\/","title":{"rendered":"Kevin Spacey ter\u00e1 novo julgamento por agress\u00e3o sexual &#8211; 26\/11\/2025 &#8211; Ilustrada"},"content":{"rendered":"<p>O ator americano <a href=\"https:\/\/www1.folha.uol.com.br\/ilustrada\/2025\/11\/kevin-spacey-diz-que-teve-casa-leiloada-apos-acusacoes-de-abuso-e-vive-em-hoteis.shtmlhttps:\/\/www.estadao.com.br\/tudo-sobre\/kevin-spacey\" rel=\"nofollow noopener\" target=\"_blank\">Kevin Spacey<\/a> enfrentar\u00e1 um novo processo judicial no <a href=\"https:\/\/www1.folha.uol.com.br\/folha-topicos\/reino-unido\/\" rel=\"nofollow noopener\" target=\"\">Reino Unido<\/a> em 2026, um julgamento civil por acusa\u00e7\u00f5es de agress\u00e3o sexual, tr\u00eas anos ap\u00f3s ter sido absolvido em um lit\u00edgio penal, informou um tribunal nesta quarta-feira, 26.<\/p>\n<p>O ator de 66 anos foi processado no <a href=\"https:\/\/f5.folha.uol.com.br\/celebridades\/2025\/04\/principe-harry-chega-ao-tribunal-de-londres-para-processo-contra-o-reino-unido-sobre-sua-seguranca.shtml\" rel=\"nofollow noopener\" target=\"\">Tribunal Superior de Londres<\/a> por tr\u00eas homens devido a acusa\u00e7\u00f5es relacionadas a supostos incidentes durante seu trabalho no teatro brit\u00e2nico <a href=\"https:\/\/www1.folha.uol.com.br\/folha\/reuters\/ult112u28000.shtml\" rel=\"nofollow noopener\" target=\"\">Old Vic<\/a>.<\/p>\n<p>O vencedor do <a href=\"https:\/\/www1.folha.uol.com.br\/folha-topicos\/oscar\/\" rel=\"nofollow noopener\" target=\"\">Oscar <\/a>de melhor ator por &#8220;<a href=\"https:\/\/www1.folha.uol.com.br\/fsp\/acontece\/ac2602200001.htm\" rel=\"nofollow noopener\" target=\"\">Beleza Americana<\/a>&#8221; n\u00e3o compareceu \u00e0 audi\u00eancia, que ocorre ap\u00f3s sua absolvi\u00e7\u00e3o das acusa\u00e7\u00f5es de agress\u00e3o sexual apresentadas contra ele por quatro homens em 2023, na capital brit\u00e2nica.<\/p>\n<p>Dois dos demandantes deste novo julgamento fizeram parte do processo anterior. Spacey sempre negou as acusa\u00e7\u00f5es contra ele, mas sua carreira foi marcada pelas den\u00fancias, algumas durante o movimento <a href=\"https:\/\/www1.folha.uol.com.br\/ilustrada\/2022\/12\/metoo-transformou-compreensao-do-assedio-mas-ha-muito-a-se-fazer.shtml\" rel=\"nofollow noopener\" target=\"\">MeToo<\/a>. Em 2022, ele foi declarado inocente por um tribunal em Nova York, em um caso civil.<\/p>\n<p>Segundo documentos judiciais, estas tr\u00eas novas queixas est\u00e3o relacionadas a &#8220;supostas agress\u00f5es sexuais por parte do acusado [Spacey] a homens mais jovens com os quais entrou em contato enquanto trabalhava no teatro Old Vic, dois deles jovens atores&#8221;.<\/p>\n<p>Os fatos denunciados teriam ocorrido entre 2004 e 2015. Um dos demandantes, o ator <a href=\"https:\/\/www1.folha.uol.com.br\/ilustrada\/2025\/02\/kevin-spacey-enfrenta-novo-processo-por-violencia-sexual-contra-ex-ator-mirim.shtml\" rel=\"nofollow noopener\" target=\"\">Ruari Cannon<\/a>, que n\u00e3o integrou o processo de 2023, tamb\u00e9m processou o teatro.<\/p>\n<p>Este int\u00e9rprete renunciou ao seu direito de permanecer an\u00f4nimo, mas os outros dois demandantes preferiram n\u00e3o ser identificados.<\/p>\n<p>Na audi\u00eancia preliminar desta quarta-feira, a ju\u00edza <a href=\"https:\/\/www1.folha.uol.com.br\/mundo\/2025\/07\/dois-homens-sao-condenados-a-4-anos-de-prisao-por-derrubar-a-arvore-mais-famosa-do-reino-unido.shtml\" rel=\"nofollow noopener\" target=\"\">Christina Lambert<\/a> decidiu que os tr\u00eas casos ser\u00e3o examinados provisoriamente em outubro de 2026.<\/p>\n","protected":false},"excerpt":{"rendered":"O ator americano Kevin Spacey enfrentar\u00e1 um novo processo judicial no Reino Unido em 2026, um julgamento civil&hellip;\n","protected":false},"author":2,"featured_media":167088,"comment_status":"","ping_status":"","sticky":false,"template":"","format":"standard","meta":{"footnotes":""},"categories":[145],"tags":[35160,11347,6064,11307,211,210,470,114,115,471,236,5607,33942,32,33],"class_list":{"0":"post-167087","1":"post","2":"type-post","3":"status-publish","4":"format-standard","5":"has-post-thumbnail","7":"category-celebridades","8":"tag-metoo","9":"tag-acusacao","10":"tag-assedio","11":"tag-assedio-sexual","12":"tag-celebridades","13":"tag-celebrities","14":"tag-cinema","15":"tag-entertainment","16":"tag-entretenimento","17":"tag-filme","18":"tag-folha","19":"tag-julgamento","20":"tag-kevin-spacey","21":"tag-portugal","22":"tag-pt"},"share_on_mastodon":{"url":"https:\/\/pubeurope.com\/@pt\/115622015302911454","error":""},"_links":{"self":[{"href":"https:\/\/www.europesays.com\/pt\/wp-json\/wp\/v2\/posts\/167087","targetHints":{"allow":["GET"]}}],"collection":[{"href":"https:\/\/www.europesays.com\/pt\/wp-json\/wp\/v2\/posts"}],"about":[{"href":"https:\/\/www.europesays.com\/pt\/wp-json\/wp\/v2\/types\/post"}],"author":[{"embeddable":true,"href":"https:\/\/www.europesays.com\/pt\/wp-json\/wp\/v2\/users\/2"}],"replies":[{"embeddable":true,"href":"https:\/\/www.europesays.com\/pt\/wp-json\/wp\/v2\/comments?post=167087"}],"version-history":[{"count":0,"href":"https:\/\/www.europesays.com\/pt\/wp-json\/wp\/v2\/posts\/167087\/revisions"}],"wp:featuredmedia":[{"embeddable":true,"href":"https:\/\/www.europesays.com\/pt\/wp-json\/wp\/v2\/media\/167088"}],"wp:attachment":[{"href":"https:\/\/www.europesays.com\/pt\/wp-json\/wp\/v2\/media?parent=167087"}],"wp:term":[{"taxonomy":"category","embeddable":true,"href":"https:\/\/www.europesays.com\/pt\/wp-json\/wp\/v2\/categories?post=167087"},{"taxonomy":"post_tag","embeddable":true,"href":"https:\/\/www.europesays.com\/pt\/wp-json\/wp\/v2\/tags?post=167087"}],"curies":[{"name":"wp","href":"https:\/\/api.w.org\/{rel}","templated":true}]}}