{"id":167106,"date":"2025-11-27T14:17:07","date_gmt":"2025-11-27T14:17:07","guid":{"rendered":"https:\/\/www.europesays.com\/pt\/167106\/"},"modified":"2025-11-27T14:17:07","modified_gmt":"2025-11-27T14:17:07","slug":"tres-filmes-para-ver-esta-semana-observador-9","status":"publish","type":"post","link":"https:\/\/www.europesays.com\/pt\/167106\/","title":{"rendered":"Tr\u00eas filmes para ver esta semana \u2013 Observador"},"content":{"rendered":"<p>Primeiro filme de Maureen Fazendeiro a solo, ap\u00f3s ter assinado a meias Os Di\u00e1rios de Otsoga (2021) com Miguel Gomes, As Esta\u00e7\u00f5es \u00e9 um document\u00e1rio dedicado ao Alentejo, pl\u00e1cido e po\u00e9tico, impressionista e sem narra\u00e7\u00e3o, em que a realizadora filma a natureza, os animais, a meteorologia e algum trabalho rural, recria um par de hist\u00f3rias populares locais (uma delas envolvendo uma cl\u00e1ssica moura encantada), ouve as pessoas cantar e contar coisas do passado e recorda um casal de arque\u00f3logos alem\u00e3es que estiveram em terras alentejanas no decorrer da II Guerra Mundial e fizeram um importante achado relacionado com vest\u00edgios pr\u00e9-hist\u00f3ricos, enquanto recebiam not\u00edcias por carta dos bombardeamentos dos Aliados no seu pa\u00eds. Esta\u00e7\u00f5es \u00e9 bonito, delicado e sereno, mas tamb\u00e9m insubstancial e vaporoso demais para alguns gostos.<\/p>\n<p>O primeiro Zootr\u00f3polis (2016), passado numa cidade totalmente habitada por animais antropomorfizados, foi um colossal sucesso popular e de bilheteira para a Disney, tendo ganho o \u00d3scar de Melhor Longa-Metragem Animada em 2017. Quase 10 anos depois, e a atravessarem uma das maiores crises criativas e de receitas em termos de anima\u00e7\u00e3o de toda a sua exist\u00eancia, os Est\u00fadios Disney procuram repetir o \u00eaxito do filme original com esta continua\u00e7\u00e3o apontada \u00e0 quadra natal\u00edcia, em que reencontramos a coelha Bunny Hops e o raposo Nick Wilde, os her\u00f3is de Zootr\u00f3polis, agora parceiros na for\u00e7a policial da cidade e a investigarem o caso de uma misteriosa serpente que ali apareceu. E que os levar\u00e1 a descobrir novos animais, bem como zonas da grande metr\u00f3pole cuja exist\u00eancia desconheciam.<\/p>\n<p>Estreia na realiza\u00e7\u00e3o do ator ingl\u00eas Harris Dickinson (Tri\u00e2ngulo da Tristeza, Babygirl),\u00a0 Urchin-Pelas Ruas de Londres, tem como protagonista Mike (Frank Dillane), um jovem sem-abrigo e consumidor de droga, que poderia, e tirando o apego aos estupefacientes, ser uma personagem de um romance de Charles Dickens, de tal forma anda ao Deus-dar\u00e1 pelas ruas da capital inglesa, vivendo da caridade alheia, de dinheiro cravado a outros que est\u00e3o pouco melhor do que ele ou do produto de pequenos furtos. H\u00e1 algo nele de autodestruidor que o parece levar, inevitavelmente, a desesperar de si mesmo e a reincidir nos mesmos erros, sempre que sai da cadeia, larga a droga e pretende enveredar pelo bom caminho. <a href=\"https:\/\/observador.pt\/2025\/11\/27\/urchin-pelas-ruas-de-londres-ao-deus-dara-e-com-pouco-pulso-dramatico-na-grande-cidade\/\" target=\"_blank\" rel=\"noopener nofollow\">Urchin \u2014 Pelas Ruas de Londres foi escolhido como filme da semana pelo Observador e pode ler a cr\u00edtica aqui<\/a>.<\/p>\n","protected":false},"excerpt":{"rendered":"Primeiro filme de Maureen Fazendeiro a solo, ap\u00f3s ter assinado a meias Os Di\u00e1rios de Otsoga (2021) com&hellip;\n","protected":false},"author":2,"featured_media":167107,"comment_status":"","ping_status":"","sticky":false,"template":"","format":"standard","meta":{"footnotes":""},"categories":[140],"tags":[470,315,114,115,1042,147,148,146,32,33],"class_list":{"0":"post-167106","1":"post","2":"type-post","3":"status-publish","4":"format-standard","5":"has-post-thumbnail","7":"category-filmes","8":"tag-cinema","9":"tag-cultura","10":"tag-entertainment","11":"tag-entretenimento","12":"tag-estreias","13":"tag-film","14":"tag-filmes","15":"tag-movies","16":"tag-portugal","17":"tag-pt"},"share_on_mastodon":{"url":"https:\/\/pubeurope.com\/@pt\/115622094024764157","error":""},"_links":{"self":[{"href":"https:\/\/www.europesays.com\/pt\/wp-json\/wp\/v2\/posts\/167106","targetHints":{"allow":["GET"]}}],"collection":[{"href":"https:\/\/www.europesays.com\/pt\/wp-json\/wp\/v2\/posts"}],"about":[{"href":"https:\/\/www.europesays.com\/pt\/wp-json\/wp\/v2\/types\/post"}],"author":[{"embeddable":true,"href":"https:\/\/www.europesays.com\/pt\/wp-json\/wp\/v2\/users\/2"}],"replies":[{"embeddable":true,"href":"https:\/\/www.europesays.com\/pt\/wp-json\/wp\/v2\/comments?post=167106"}],"version-history":[{"count":0,"href":"https:\/\/www.europesays.com\/pt\/wp-json\/wp\/v2\/posts\/167106\/revisions"}],"wp:featuredmedia":[{"embeddable":true,"href":"https:\/\/www.europesays.com\/pt\/wp-json\/wp\/v2\/media\/167107"}],"wp:attachment":[{"href":"https:\/\/www.europesays.com\/pt\/wp-json\/wp\/v2\/media?parent=167106"}],"wp:term":[{"taxonomy":"category","embeddable":true,"href":"https:\/\/www.europesays.com\/pt\/wp-json\/wp\/v2\/categories?post=167106"},{"taxonomy":"post_tag","embeddable":true,"href":"https:\/\/www.europesays.com\/pt\/wp-json\/wp\/v2\/tags?post=167106"}],"curies":[{"name":"wp","href":"https:\/\/api.w.org\/{rel}","templated":true}]}}