{"id":167118,"date":"2025-11-27T14:24:08","date_gmt":"2025-11-27T14:24:08","guid":{"rendered":"https:\/\/www.europesays.com\/pt\/167118\/"},"modified":"2025-11-27T14:24:08","modified_gmt":"2025-11-27T14:24:08","slug":"baixa-do-porto-com-transito-condicionado-e-estacao-de-metro-dos-aliados-fechada-no-sabado","status":"publish","type":"post","link":"https:\/\/www.europesays.com\/pt\/167118\/","title":{"rendered":"Baixa do Porto com tr\u00e2nsito condicionado e esta\u00e7\u00e3o de metro dos Aliados fechada no s\u00e1bado"},"content":{"rendered":"<p data-remotead-prev-elm=\"true\" data-remotead-elm-id=\"inread\">A inaugura\u00e7\u00e3o das luzes de Natal, incluindo da \u00e1rvore gigante em frente \u00e0 C\u00e2mara est\u00e1 marcada para as 18 horas e inclui um espet\u00e1culo de videomapping, &#8220;Miss\u00e3o Nutcrackers, O Natal Chega \u00e0 Cidade&#8221;, assinado pelo Grandpa&#8217;s Studio. &#8220;O espet\u00e1culo, constru\u00eddo a partir da hist\u00f3ria de um relojoeiro da cidade, ser\u00e1 projetado na fachada da C\u00e2mara Municipal do Porto e contar\u00e1 com elementos que prometem surpreender todos os espetadores presentes na Avenida dos Aliados&#8221;, diz a autarquia. Pelas 18.30 horas, sobe ao palco Mariza, para um concerto que ter\u00e1 o acompanhamento da Orquestra Jovens do Porto.<\/p>\n<p>Tamb\u00e9m no s\u00e1bado abre o Mercado de Natal na Cordoaria, assim como os principais divertimentos da \u00e9poca: a pista de gelo e o carrossel parisiense, instalados no Largo do Amor de Perdi\u00e7\u00e3o.<\/p>\n<p>&#8220;Para a realiza\u00e7\u00e3o dos eventos com acesso livre, a zona da Avenida dos Aliados e arruamentos ao redor v\u00e3o sofrer alguns condicionamentos de tr\u00e2nsito&#8221;, sublinha a autarquia. Os constrangimentos podem ser consultados atrav\u00e9s do <a href=\"http:\/\/www.porto.pt\" target=\"_blank\" rel=\"nofollow noopener\">portal<\/a> do munic\u00edpio.<\/p>\n<p>STCP refor\u00e7a servi\u00e7o<\/p>\n<p data-remotead-prev-elm=\"true\" data-remotead-elm-id=\"centro1\">A STCP anunciou uma opera\u00e7\u00e3o especial, com mais autocarros, maior capacidade e frequ\u00eancias refor\u00e7adas nos principais acessos \u00e0 Baixa do Porto. Entre as 16 e as 18 horas, as linhas 200 (Castelo do Queijo &#8211; Cordoaria), 600 (Maia &#8211; Trindade) e 702 (Travagem &#8211; Bolh\u00e3o) ter\u00e3o partidas de autocarros a cada 10 minutos. Na linha 700 (Valongo &#8211; Bolh\u00e3o), as partidas ser\u00e3o a cada 20 minutos no sentido de regresso. Entre as 19 e as 21.30, as linhas 200, 600 e 700 ter\u00e3o refor\u00e7o de viagens no sentido de regresso, com frequ\u00eancias ajustadas \u00e0 procura. A linha 702 ter\u00e1 refor\u00e7o prolongado at\u00e9 \u00e0s 21.30.<\/p>\n<p>No s\u00e1bado, as linhas da STCP ir\u00e3o realizar t\u00e9rminos excecionais nos seguintes locais: Cordoaria &#8211; linhas 200, 201, 208, 300 e 501; Trindade &#8211; linhas 202 e 703;<\/p>\n<p>Trindade &#8211; linhas 304 e 600; Mercado do Bolh\u00e3o &#8211; linhas 305 e 801; Rua Alexandre Herculano &#8211; linhas 301, 400, 901 e 906; Batalha &#8211; linhas 904 e 905.<\/p>\n<p>J\u00e1 a linha 207 ir\u00e1 alternar o t\u00e9rmino entre a Cordoaria e a Rua Alexandre Herculano.<\/p>\n","protected":false},"excerpt":{"rendered":"A inaugura\u00e7\u00e3o das luzes de Natal, incluindo da \u00e1rvore gigante em frente \u00e0 C\u00e2mara est\u00e1 marcada para as&hellip;\n","protected":false},"author":2,"featured_media":167119,"comment_status":"","ping_status":"","sticky":false,"template":"","format":"standard","meta":{"footnotes":""},"categories":[10],"tags":[25974,27,28,20018,15,16,14,35162,25,26,21,22,12,13,19,20,32,23,24,33,17,18,29,30,31],"class_list":{"0":"post-167118","1":"post","2":"type-post","3":"status-publish","4":"format-standard","5":"has-post-thumbnail","7":"category-portugal","8":"tag-baixa-do-porto","9":"tag-breaking-news","10":"tag-breakingnews","11":"tag-concelho-porto","12":"tag-featured-news","13":"tag-featurednews","14":"tag-headlines","15":"tag-iluminacao-de-natal","16":"tag-latest-news","17":"tag-latestnews","18":"tag-main-news","19":"tag-mainnews","20":"tag-news","21":"tag-noticias","22":"tag-noticias-principais","23":"tag-noticiasprincipais","24":"tag-portugal","25":"tag-principais-noticias","26":"tag-principaisnoticias","27":"tag-pt","28":"tag-top-stories","29":"tag-topstories","30":"tag-ultimas","31":"tag-ultimas-noticias","32":"tag-ultimasnoticias"},"share_on_mastodon":{"url":"https:\/\/pubeurope.com\/@pt\/115622121662892989","error":""},"_links":{"self":[{"href":"https:\/\/www.europesays.com\/pt\/wp-json\/wp\/v2\/posts\/167118","targetHints":{"allow":["GET"]}}],"collection":[{"href":"https:\/\/www.europesays.com\/pt\/wp-json\/wp\/v2\/posts"}],"about":[{"href":"https:\/\/www.europesays.com\/pt\/wp-json\/wp\/v2\/types\/post"}],"author":[{"embeddable":true,"href":"https:\/\/www.europesays.com\/pt\/wp-json\/wp\/v2\/users\/2"}],"replies":[{"embeddable":true,"href":"https:\/\/www.europesays.com\/pt\/wp-json\/wp\/v2\/comments?post=167118"}],"version-history":[{"count":0,"href":"https:\/\/www.europesays.com\/pt\/wp-json\/wp\/v2\/posts\/167118\/revisions"}],"wp:featuredmedia":[{"embeddable":true,"href":"https:\/\/www.europesays.com\/pt\/wp-json\/wp\/v2\/media\/167119"}],"wp:attachment":[{"href":"https:\/\/www.europesays.com\/pt\/wp-json\/wp\/v2\/media?parent=167118"}],"wp:term":[{"taxonomy":"category","embeddable":true,"href":"https:\/\/www.europesays.com\/pt\/wp-json\/wp\/v2\/categories?post=167118"},{"taxonomy":"post_tag","embeddable":true,"href":"https:\/\/www.europesays.com\/pt\/wp-json\/wp\/v2\/tags?post=167118"}],"curies":[{"name":"wp","href":"https:\/\/api.w.org\/{rel}","templated":true}]}}