{"id":167120,"date":"2025-11-27T14:25:15","date_gmt":"2025-11-27T14:25:15","guid":{"rendered":"https:\/\/www.europesays.com\/pt\/167120\/"},"modified":"2025-11-27T14:25:15","modified_gmt":"2025-11-27T14:25:15","slug":"muir-para-o-danilo-como-para-o-miguel-foi-um-otimo-comeco","status":"publish","type":"post","link":"https:\/\/www.europesays.com\/pt\/167120\/","title":{"rendered":"Muir &#8216;Para o Danilo como para o Miguel, foi um \u00f3timo come\u00e7o&#8217;"},"content":{"rendered":"<p>A nova dupla de pilotos da ROKiT BMW Motorrad WorldSBK Team, Danilo Petrucci e Miguel Oliveira, parecem estar a encontrar rapidamente o seu ritmo no Campeonato do Mundo de Superbike. No final do primeiro dia do segundo evento de testes em Jerez, ambos os pilotos mostraram-se fortes. Petrucci ficou em sexto lugar, seguido de perto por Oliveira.<\/p>\n<p>Depois que a dupla de pilotos da marca germ\u00e2nica, Toprak Razgatlioglu partiu para o paddock da MotoGP e o m\u00faltiplo vencedor de corridas Michael van der Mark passou a desempenhar a fun\u00e7\u00e3o de piloto de testes, a equipa de f\u00e1brica da BMW enfrentou a dif\u00edcil tarefa de substituir os dois pilotos. Os dois pilotos que chegaram, Oliveira e Petrucci, mostraram a sua velocidade nos n\u00edveis mais altos e fizeram isso mais uma vez no primeiro dia do segundo teste em Jerez.<\/p>\n<p><a href=\"https:\/\/www.motosport.com.pt\/?attachment_id=525913\" target=\"_blank\" rel=\"nofollow noopener\"><img loading=\"lazy\" class=\"lazy\" decoding=\"async\" alt=\"\" width=\"300\" height=\"169\" src=\"https:\/\/www.europesays.com\/pt\/wp-content\/uploads\/2025\/11\/muir-02058_dcp_test_jerez_2025_ambience_full-300x169.jpg\"  data-\/><\/a><\/p>\n<p>O diretor da equipa, Shaun Muir, ficou animado com o resultado do primeiro dia. Disse: \u201cTivemos a sorte de ter um bom tempo, o que \u00e9 uma grande mudan\u00e7a em rela\u00e7\u00e3o ao ano passado. Come\u00e7\u00e1mos muito bem, tanto para o Danilo como para o Miguel, foi um \u00f3timo come\u00e7o. O Danilo fez mais de 80 voltas e o Miguel fez mais de 70. H\u00e1 muitas coisas a que se acostumar, mas estou super feliz. Acho que os dois v\u00e3o dormir felizes esta noite e v\u00e3o chegar com toda a energia para amanh\u00e3. O Michael tem um plano de testes separado e certamente n\u00e3o est\u00e1 a perseguir tempos de volta. Ele est\u00e1 a pilotar com muito mais liberdade e conhece a moto muito melhor. Se olharmos para os tempos de volta \u00e0 frente do Danilo e do Miguel e usarmos o Michael como refer\u00eancia, acho que os dois fizeram um trabalho fant\u00e1stico. O Danilo trabalhou para se habituar ao equil\u00edbrio da moto e \u00e0 travagem pesada em compara\u00e7\u00e3o com o que conduzia antes. Da mesma forma, o Miguel tamb\u00e9m teve mais par\u00e2metros a mudar, passando dos pneus Michelin para os pneus Pirelli, por isso, para ambos estarem t\u00e3o pr\u00f3ximos do Mikey, estamos a sair daqui muito felizes com o dia de hoje.<\/p>\n","protected":false},"excerpt":{"rendered":"A nova dupla de pilotos da ROKiT BMW Motorrad WorldSBK Team, Danilo Petrucci e Miguel Oliveira, parecem estar&hellip;\n","protected":false},"author":2,"featured_media":167121,"comment_status":"","ping_status":"","sticky":false,"template":"","format":"standard","meta":{"footnotes":""},"categories":[8],"tags":[27,28,15,16,14,25,26,21,22,12,13,19,20,32,23,24,33,17,18,29,30,31],"class_list":{"0":"post-167120","1":"post","2":"type-post","3":"status-publish","4":"format-standard","5":"has-post-thumbnail","7":"category-principais-noticias","8":"tag-breaking-news","9":"tag-breakingnews","10":"tag-featured-news","11":"tag-featurednews","12":"tag-headlines","13":"tag-latest-news","14":"tag-latestnews","15":"tag-main-news","16":"tag-mainnews","17":"tag-news","18":"tag-noticias","19":"tag-noticias-principais","20":"tag-noticiasprincipais","21":"tag-portugal","22":"tag-principais-noticias","23":"tag-principaisnoticias","24":"tag-pt","25":"tag-top-stories","26":"tag-topstories","27":"tag-ultimas","28":"tag-ultimas-noticias","29":"tag-ultimasnoticias"},"share_on_mastodon":{"url":"https:\/\/pubeurope.com\/@pt\/115622125766257974","error":""},"_links":{"self":[{"href":"https:\/\/www.europesays.com\/pt\/wp-json\/wp\/v2\/posts\/167120","targetHints":{"allow":["GET"]}}],"collection":[{"href":"https:\/\/www.europesays.com\/pt\/wp-json\/wp\/v2\/posts"}],"about":[{"href":"https:\/\/www.europesays.com\/pt\/wp-json\/wp\/v2\/types\/post"}],"author":[{"embeddable":true,"href":"https:\/\/www.europesays.com\/pt\/wp-json\/wp\/v2\/users\/2"}],"replies":[{"embeddable":true,"href":"https:\/\/www.europesays.com\/pt\/wp-json\/wp\/v2\/comments?post=167120"}],"version-history":[{"count":0,"href":"https:\/\/www.europesays.com\/pt\/wp-json\/wp\/v2\/posts\/167120\/revisions"}],"wp:featuredmedia":[{"embeddable":true,"href":"https:\/\/www.europesays.com\/pt\/wp-json\/wp\/v2\/media\/167121"}],"wp:attachment":[{"href":"https:\/\/www.europesays.com\/pt\/wp-json\/wp\/v2\/media?parent=167120"}],"wp:term":[{"taxonomy":"category","embeddable":true,"href":"https:\/\/www.europesays.com\/pt\/wp-json\/wp\/v2\/categories?post=167120"},{"taxonomy":"post_tag","embeddable":true,"href":"https:\/\/www.europesays.com\/pt\/wp-json\/wp\/v2\/tags?post=167120"}],"curies":[{"name":"wp","href":"https:\/\/api.w.org\/{rel}","templated":true}]}}