{"id":167133,"date":"2025-11-27T14:41:47","date_gmt":"2025-11-27T14:41:47","guid":{"rendered":"https:\/\/www.europesays.com\/pt\/167133\/"},"modified":"2025-11-27T14:41:47","modified_gmt":"2025-11-27T14:41:47","slug":"todos-querem-que-a-guerra-acabe-na-ucrania-mas-maneira-como-acaba-tambem-interessa","status":"publish","type":"post","link":"https:\/\/www.europesays.com\/pt\/167133\/","title":{"rendered":"todos &#8220;querem que a guerra acabe&#8221; na Ucr\u00e2nia, mas &#8220;maneira como acaba tamb\u00e9m interessa&#8221;"},"content":{"rendered":"<p><strong>A Uni\u00e3o Europeia (UE) admitiu esta quarta-feira que todos &#8220;querem que a guerra acabe&#8221; na Ucr\u00e2nia, mas avisou que &#8220;a maneira como acaba tamb\u00e9m tem de interessar&#8221;, rejeitando qualquer proposta que isente Moscovo de &#8220;obriga\u00e7\u00f5es a longo prazo&#8221;.<\/strong><\/p>\n<blockquote><p> &#8220;Todos queremos que esta guerra acabe, mas a maneira como acaba tamb\u00e9m tem de interessar&#8221;, disse a alta representante da UE para os Neg\u00f3cios Estrangeiros e Pol\u00edtica de Seguran\u00e7a, Kaja Kallas, em confer\u00eancia de imprensa, em Bruxelas, no final de uma reuni\u00e3o ministerial extraordin\u00e1ria por videoconfer\u00eancia. <\/p><\/blockquote>\n<p>Kaja Kallas insistiu que para a Uni\u00e3o Europeia, &#8220;t\u00eam de haver obriga\u00e7\u00f5es do lado da R\u00fassia para haver paz&#8221; e que essas obriga\u00e7\u00f5es &#8220;t\u00eam de ser a longo prazo&#8221;, para evitar que o Kremlin decida voltar a invadir a Ucr\u00e2nia ou qualquer outro pa\u00eds.<\/p>\n<p>\t\t<img decoding=\"async\" src=\"https:\/\/www.europesays.com\/pt\/wp-content\/uploads\/2025\/11\/1764254507_720_thumbs.web.sapo.io\"  alt=\"A chefe da pol\u00edtica externa da Uni\u00e3o Europeia, Kaja Kallas\" loading=\"true\"\/><\/p>\n<p>                        Geert Vanden Wijngaert \/ AP<\/p>\n<p>No plano de paz apresentado pelo Presidente dos Estados Unidos da Am\u00e9rica (EUA), Donald Trump, &#8220;n\u00e3o h\u00e1 qualquer conce\u00e7\u00e3o por parte da R\u00fassia&#8221;, advogou a alta representante da UE para a diplomacia, considerando que, pelo contr\u00e1rio, Moscovo &#8220;pede mais do que aquilo que j\u00e1 tirou&#8221;.<\/p>\n<blockquote><p> &#8220;A longo prazo tem de haver obriga\u00e7\u00f5es, por exemplo, [a R\u00fassia] tem de honrar as obriga\u00e7\u00f5es que j\u00e1 existiam, nomeadamente n\u00e3o atacar mais ningu\u00e9m, podemos come\u00e7ar por a\u00ed&#8221;, comentou Kaja Kallas, ex-primeira-ministra da Est\u00f3nia. <\/p><\/blockquote>\n<p>Questionada sobre as declara\u00e7\u00f5es do secret\u00e1rio-geral da Organiza\u00e7\u00e3o do Tratado do Atl\u00e2ntico Norte (NATO), Mark Rutte, que considerou que a guerra podia acabar at\u00e9 ao final do ano, Kaja Kallas rejeitou essa ideia, respondendo que at\u00e9 hoje &#8220;n\u00e3o h\u00e1 quaisquer indica\u00e7\u00f5es disso por parte da R\u00fassia&#8221;.<\/p>\n<blockquote><p> &#8220;H\u00e1 zero indica\u00e7\u00f5es de que a R\u00fassia queira parar esta guerra&#8221;, sustentou. <\/p><\/blockquote>\n<p>Kaja Kallas tamb\u00e9m aludiu \u00e0 possibilidade de mais invas\u00f5es russas, uma vez que o Kremlin refor\u00e7ou o investimento na \u00e1rea da defesa e a alta representante da UE para a Pol\u00edtica de Seguran\u00e7a considerou que nenhum pa\u00eds faz um investimento destes sem pensar no que pode fazer com o que investiu nesse dom\u00ednio.<\/p>\n","protected":false},"excerpt":{"rendered":"A Uni\u00e3o Europeia (UE) admitiu esta quarta-feira que todos &#8220;querem que a guerra acabe&#8221; na Ucr\u00e2nia, mas avisou&hellip;\n","protected":false},"author":2,"featured_media":167134,"comment_status":"","ping_status":"","sticky":false,"template":"","format":"standard","meta":{"footnotes":""},"categories":[50],"tags":[27,28,15,16,14,25,26,21,22,62,12,13,19,20,23,24,17,18,29,30,31,63,64,65],"class_list":{"0":"post-167133","1":"post","2":"type-post","3":"status-publish","4":"format-standard","5":"has-post-thumbnail","7":"category-mundo","8":"tag-breaking-news","9":"tag-breakingnews","10":"tag-featured-news","11":"tag-featurednews","12":"tag-headlines","13":"tag-latest-news","14":"tag-latestnews","15":"tag-main-news","16":"tag-mainnews","17":"tag-mundo","18":"tag-news","19":"tag-noticias","20":"tag-noticias-principais","21":"tag-noticiasprincipais","22":"tag-principais-noticias","23":"tag-principaisnoticias","24":"tag-top-stories","25":"tag-topstories","26":"tag-ultimas","27":"tag-ultimas-noticias","28":"tag-ultimasnoticias","29":"tag-world","30":"tag-world-news","31":"tag-worldnews"},"share_on_mastodon":{"url":"https:\/\/pubeurope.com\/@pt\/115622188989844961","error":""},"_links":{"self":[{"href":"https:\/\/www.europesays.com\/pt\/wp-json\/wp\/v2\/posts\/167133","targetHints":{"allow":["GET"]}}],"collection":[{"href":"https:\/\/www.europesays.com\/pt\/wp-json\/wp\/v2\/posts"}],"about":[{"href":"https:\/\/www.europesays.com\/pt\/wp-json\/wp\/v2\/types\/post"}],"author":[{"embeddable":true,"href":"https:\/\/www.europesays.com\/pt\/wp-json\/wp\/v2\/users\/2"}],"replies":[{"embeddable":true,"href":"https:\/\/www.europesays.com\/pt\/wp-json\/wp\/v2\/comments?post=167133"}],"version-history":[{"count":0,"href":"https:\/\/www.europesays.com\/pt\/wp-json\/wp\/v2\/posts\/167133\/revisions"}],"wp:featuredmedia":[{"embeddable":true,"href":"https:\/\/www.europesays.com\/pt\/wp-json\/wp\/v2\/media\/167134"}],"wp:attachment":[{"href":"https:\/\/www.europesays.com\/pt\/wp-json\/wp\/v2\/media?parent=167133"}],"wp:term":[{"taxonomy":"category","embeddable":true,"href":"https:\/\/www.europesays.com\/pt\/wp-json\/wp\/v2\/categories?post=167133"},{"taxonomy":"post_tag","embeddable":true,"href":"https:\/\/www.europesays.com\/pt\/wp-json\/wp\/v2\/tags?post=167133"}],"curies":[{"name":"wp","href":"https:\/\/api.w.org\/{rel}","templated":true}]}}