{"id":167143,"date":"2025-11-27T14:51:13","date_gmt":"2025-11-27T14:51:13","guid":{"rendered":"https:\/\/www.europesays.com\/pt\/167143\/"},"modified":"2025-11-27T14:51:13","modified_gmt":"2025-11-27T14:51:13","slug":"ridiculo-atriz-revela-ter-interpretado-adolescente-aos-37-anos-em-harry-potter-celebridades","status":"publish","type":"post","link":"https:\/\/www.europesays.com\/pt\/167143\/","title":{"rendered":"\u2018Rid\u00edculo\u2019: Atriz revela ter interpretado adolescente aos 37 anos em \u2018Harry Potter\u2019 | Celebridades"},"content":{"rendered":"<p>                                        Shirley Henderson viveu Murta Que Geme em &#8220;Harry Potter e a C\u00e2mara Secreta&#8221;  &#8211; Reprodu\u00e7\u00e3o\/Warner Bros\/Instagram<\/p>\n<p class=\"content-media__description\">Shirley Henderson viveu Murta Que Geme em &#8220;Harry Potter e a C\u00e2mara Secreta&#8221; Reprodu\u00e7\u00e3o\/Warner Bros\/Instagram<\/p>\n<p>                            Publicado 25\/11\/2025 21:15\n                    <\/p>\n<p>Rio &#8211; Shirley Henderson, 60 anos, famosa por interpretar a personagem &#8220;Murta Que Geme&#8221; na franquia Harry Potter, relembrou como foi viver uma adolescente colegial de 14 anos quando, na verdade, j\u00e1 estava com 37.<\/p>\n<p>Em entrevista ao jornal brit\u00e2nico The Independent, a artista contou que n\u00e3o achava que conseguiria o papel por causa da diferen\u00e7a de idade. \u201cQuando me chamaram para o teste pela primeira vez, eu n\u00e3o sabia quem era Harry Potter, mas minha irm\u00e3, que estava hospedada comigo, tinha lido os livros. Mesmo assim, eu n\u00e3o estava convencida de que conseguiria interpretar uma garota de 14 anos, porque eu j\u00e1 tinha mais de 30 na \u00e9poca.\u201d<\/p>\n<p>A atriz deu detalhes da audi\u00e7\u00e3o, que descreveu como uma situa\u00e7\u00e3o \u201crid\u00edcula\u201d. \u201cFui \u00e0 audi\u00e7\u00e3o vestida de colegial, camisa branca, saia preta, rabo de cavalo, pensando: \u2018Isso \u00e9 rid\u00edculo\u2019\u201d, disse Henderson. \u201cFiz o meu m\u00ednimo e eles me agradeceram. Meses se passaram e eu achei que era s\u00f3 isso, mas ent\u00e3o ligaram para o meu agente, pediram para me ver de novo e me ofereceram o papel.\u201d<\/p>\n<p>Shirley revelou tamb\u00e9m que recebeu um pedido da dire\u00e7\u00e3o para esconder sua idade da equipe. \u201cA diretora de elenco disse: \u2018V\u00e1 em frente e n\u00e3o mencione sua idade\u2019.\u201d<\/p>\n<p>Para disfar\u00e7ar, a artista contou que n\u00e3o teve muito trabalho, j\u00e1 que a personagem \u00e9 um fantasma presa na imagem de uma jovem. \u201cMurta \u00e9 uma pessoa idosa no corpo de uma jovem e, como ela \u00e9 fantasmag\u00f3rica, h\u00e1 uma certa aura nebulosa. Voc\u00ea n\u00e3o olha muito de perto para o meu rosto, ent\u00e3o conseguimos disfar\u00e7ar isso.\u201d, finalizou.<\/p>\n","protected":false},"excerpt":{"rendered":"Shirley Henderson viveu Murta Que Geme em &#8220;Harry Potter e a C\u00e2mara Secreta&#8221; &#8211; Reprodu\u00e7\u00e3o\/Warner Bros\/Instagram Shirley Henderson&hellip;\n","protected":false},"author":2,"featured_media":167144,"comment_status":"","ping_status":"","sticky":false,"template":"","format":"standard","meta":{"footnotes":""},"categories":[140],"tags":[114,115,147,148,700,146,35165,32,33,35164],"class_list":{"0":"post-167143","1":"post","2":"type-post","3":"status-publish","4":"format-standard","5":"has-post-thumbnail","7":"category-filmes","8":"tag-entertainment","9":"tag-entretenimento","10":"tag-film","11":"tag-filmes","12":"tag-harry-potter","13":"tag-movies","14":"tag-murta-que-geme","15":"tag-portugal","16":"tag-pt","17":"tag-shirley-henderson"},"share_on_mastodon":{"url":"https:\/\/pubeurope.com\/@pt\/115622227833632937","error":""},"_links":{"self":[{"href":"https:\/\/www.europesays.com\/pt\/wp-json\/wp\/v2\/posts\/167143","targetHints":{"allow":["GET"]}}],"collection":[{"href":"https:\/\/www.europesays.com\/pt\/wp-json\/wp\/v2\/posts"}],"about":[{"href":"https:\/\/www.europesays.com\/pt\/wp-json\/wp\/v2\/types\/post"}],"author":[{"embeddable":true,"href":"https:\/\/www.europesays.com\/pt\/wp-json\/wp\/v2\/users\/2"}],"replies":[{"embeddable":true,"href":"https:\/\/www.europesays.com\/pt\/wp-json\/wp\/v2\/comments?post=167143"}],"version-history":[{"count":0,"href":"https:\/\/www.europesays.com\/pt\/wp-json\/wp\/v2\/posts\/167143\/revisions"}],"wp:featuredmedia":[{"embeddable":true,"href":"https:\/\/www.europesays.com\/pt\/wp-json\/wp\/v2\/media\/167144"}],"wp:attachment":[{"href":"https:\/\/www.europesays.com\/pt\/wp-json\/wp\/v2\/media?parent=167143"}],"wp:term":[{"taxonomy":"category","embeddable":true,"href":"https:\/\/www.europesays.com\/pt\/wp-json\/wp\/v2\/categories?post=167143"},{"taxonomy":"post_tag","embeddable":true,"href":"https:\/\/www.europesays.com\/pt\/wp-json\/wp\/v2\/tags?post=167143"}],"curies":[{"name":"wp","href":"https:\/\/api.w.org\/{rel}","templated":true}]}}