{"id":167184,"date":"2025-11-27T15:25:15","date_gmt":"2025-11-27T15:25:15","guid":{"rendered":"https:\/\/www.europesays.com\/pt\/167184\/"},"modified":"2025-11-27T15:25:15","modified_gmt":"2025-11-27T15:25:15","slug":"idade-da-reforma-sobe-para-66-anos-e-11-meses-em-2027-observador","status":"publish","type":"post","link":"https:\/\/www.europesays.com\/pt\/167184\/","title":{"rendered":"Idade da reforma sobe para 66 anos e 11 meses em 2027 \u2013 Observador"},"content":{"rendered":"<p>A idade legal da reforma (sem penaliza\u00e7\u00f5es) vai subir em <strong>2027 nos 66 anos e 11 meses,<\/strong> contra os 66 anos e nove meses de 2026, segundo c\u00e1lculos do Observador com base em dados do INE divulgados esta quinta-feira referentes \u00e0 esperan\u00e7a de vida aos 65 anos.<\/p>\n<p>Essa esperan\u00e7a de vida subiu para 20,19 anos, ou seja, mais 0,17 anos ou 2,04 meses. A esperan\u00e7a de vida aos 65 anos est\u00e1 nos 20,19 anos, contra o valor anterior de 20,02 anos. E assim quem se reformar em 2027 ter\u00e1 de ter 66 anos e 11 meses, quando no pr\u00f3ximo ano ter\u00e1 de ter 66 anos e nove meses.<\/p>\n<p>Os dados do INE s\u00e3o provis\u00f3rios. S\u00f3 ser\u00e3o confirmados em maio do pr\u00f3ximo ano. No entanto, \u00e9 com base nestes dados de novembro que o Governo publica, em dezembro, a portaria que fixa a idade de reforma para 2027 e o fator de sustentabilidade em 2026.<\/p>\n<p>O<strong> fator de sustentabilidade<\/strong> determina a penaliza\u00e7\u00e3o para quem se quer reformar antecipadamente e que n\u00e3o tenha 40 anos de descontos. De acordo com os dados do INE, e segundo c\u00e1lculos do Observador, a penaliza\u00e7\u00e3o nesses casos, em 2025, <strong>ser\u00e1 de 17,6%,<\/strong> face aos 16,9%, de 2025.<\/p>\n<p>Al\u00e9m deste corte pelo fator de sustentabilidade, as pens\u00f5es antecipadas podem ainda ser sujeitas a uma penaliza\u00e7\u00e3o de 0,5% por cada m\u00eas que falta at\u00e9 \u00e0 idade da reforma quando se trate de uma sa\u00edda volunt\u00e1ria.<\/p>\n","protected":false},"excerpt":{"rendered":"A idade legal da reforma (sem penaliza\u00e7\u00f5es) vai subir em 2027 nos 66 anos e 11 meses, contra&hellip;\n","protected":false},"author":2,"featured_media":167185,"comment_status":"","ping_status":"","sticky":false,"template":"","format":"standard","meta":{"footnotes":""},"categories":[50],"tags":[27,28,476,15,16,14,7923,25,26,21,22,62,12,13,19,20,21694,23,24,2946,1055,17,18,29,30,31,63,64,65],"class_list":{"0":"post-167184","1":"post","2":"type-post","3":"status-publish","4":"format-standard","5":"has-post-thumbnail","7":"category-mundo","8":"tag-breaking-news","9":"tag-breakingnews","10":"tag-economia","11":"tag-featured-news","12":"tag-featurednews","13":"tag-headlines","14":"tag-inem","15":"tag-latest-news","16":"tag-latestnews","17":"tag-main-news","18":"tag-mainnews","19":"tag-mundo","20":"tag-news","21":"tag-noticias","22":"tag-noticias-principais","23":"tag-noticiasprincipais","24":"tag-pensu00f5es","25":"tag-principais-noticias","26":"tag-principaisnoticias","27":"tag-sau00fade","28":"tag-seguranu00e7a-social","29":"tag-top-stories","30":"tag-topstories","31":"tag-ultimas","32":"tag-ultimas-noticias","33":"tag-ultimasnoticias","34":"tag-world","35":"tag-world-news","36":"tag-worldnews"},"share_on_mastodon":{"url":"https:\/\/pubeurope.com\/@pt\/115622361493394050","error":""},"_links":{"self":[{"href":"https:\/\/www.europesays.com\/pt\/wp-json\/wp\/v2\/posts\/167184","targetHints":{"allow":["GET"]}}],"collection":[{"href":"https:\/\/www.europesays.com\/pt\/wp-json\/wp\/v2\/posts"}],"about":[{"href":"https:\/\/www.europesays.com\/pt\/wp-json\/wp\/v2\/types\/post"}],"author":[{"embeddable":true,"href":"https:\/\/www.europesays.com\/pt\/wp-json\/wp\/v2\/users\/2"}],"replies":[{"embeddable":true,"href":"https:\/\/www.europesays.com\/pt\/wp-json\/wp\/v2\/comments?post=167184"}],"version-history":[{"count":0,"href":"https:\/\/www.europesays.com\/pt\/wp-json\/wp\/v2\/posts\/167184\/revisions"}],"wp:featuredmedia":[{"embeddable":true,"href":"https:\/\/www.europesays.com\/pt\/wp-json\/wp\/v2\/media\/167185"}],"wp:attachment":[{"href":"https:\/\/www.europesays.com\/pt\/wp-json\/wp\/v2\/media?parent=167184"}],"wp:term":[{"taxonomy":"category","embeddable":true,"href":"https:\/\/www.europesays.com\/pt\/wp-json\/wp\/v2\/categories?post=167184"},{"taxonomy":"post_tag","embeddable":true,"href":"https:\/\/www.europesays.com\/pt\/wp-json\/wp\/v2\/tags?post=167184"}],"curies":[{"name":"wp","href":"https:\/\/api.w.org\/{rel}","templated":true}]}}