{"id":167190,"date":"2025-11-27T15:28:11","date_gmt":"2025-11-27T15:28:11","guid":{"rendered":"https:\/\/www.europesays.com\/pt\/167190\/"},"modified":"2025-11-27T15:28:11","modified_gmt":"2025-11-27T15:28:11","slug":"almeno-goncalves-ator-morre-aos-66-anos","status":"publish","type":"post","link":"https:\/\/www.europesays.com\/pt\/167190\/","title":{"rendered":"Almeno Gon\u00e7alves &#8211; Ator morre aos 66 anos"},"content":{"rendered":"<p><strong>Almeno Gon\u00e7alves<\/strong>\u00a0perdeu a luta contra o <strong>cancro no c\u00f3lon<\/strong>. O ator, de 66 anos, e que esteve <strong>casado com Rita Salema<\/strong> v\u00e1rios anos, perdeu a vida nesta madrugada no <strong>Hospital S\u00e3o Francisco Xavier<\/strong>.<\/p>\n<p>Para al\u00e9m da carreira como ator, Almeno tamb\u00e9m assumiu fun\u00e7\u00f5es de encenador e produtor\u00a0em teatro a partir de 1990.<\/p>\n<p>A (dupla) trai\u00e7\u00e3o a Rita Salema<\/p>\n<p>Almeno Gon\u00e7alves, que nasceu Braga, era um rosto bem conhecido dos portugueses, tendo integrado algumas das mais populares produ\u00e7\u00f5es portuguesas, como Malucos do Riso, Jardin Proibidos, Saber Amar. Mais recentemente esteve em\u00a0<strong>Cacau<\/strong>\u00a0e\u00a0<strong>Rua das Flores<\/strong>.<\/p>\n<p>Al\u00e9m disso, a rela\u00e7\u00e3o com a filha era inexistente. Tal deve-se ao facto de ter <a href=\"https:\/\/www.novagente.pt\/almeno-goncalves-ator-traiu-rita-salema-quando-ela-estava-gravida\" target=\"_blank\" rel=\"nofollow noopener\">tra\u00eddo Rita Salema, durante a gravidez.<\/a>\u00a0&#8220;Eu fui enganada duas vezes e uma delas estava gr\u00e1vida. E estou aqui fant\u00e1stica&#8221;, <a href=\"https:\/\/www.novagente.pt\/almeno-goncalves-sobre-relacao-com-filha-o-sangue-nao-produz-afinidade-por-si-so\" target=\"_blank\" rel=\"nofollow noopener\">disse no Voc\u00ea na TV<\/a>. O sdois estavam separados h\u00e1 32 anos, precisamente quando a filha nasceu<\/p>\n<p>Texto: Tom\u00e1s Casc\u00e3o; Fotos: Redes sociais<\/p>\n<p class=\"intagram-text\">Siga a Nova Gente no Instagram<\/p>\n<p>                        <a href=\"https:\/\/www.instagram.com\/revistanovagente\/\" target=\"_blank\" aria-label=\"instagram\" rel=\"noopener nofollow\"><img decoding=\"async\" style=\"display: block; margin-left: auto; margin-right: auto; width: 250px; height: 83px;\" src=\"https:\/\/www.europesays.com\/pt\/wp-content\/uploads\/2025\/11\/Instagram_NG.png\" alt=\"instagram\"\/><\/a><br \/>\n                    <script async src=\"\/\/www.instagram.com\/embed.js\"><\/script><\/p>\n","protected":false},"excerpt":{"rendered":"Almeno Gon\u00e7alves\u00a0perdeu a luta contra o cancro no c\u00f3lon. O ator, de 66 anos, e que esteve casado&hellip;\n","protected":false},"author":2,"featured_media":167191,"comment_status":"","ping_status":"","sticky":false,"template":"","format":"standard","meta":{"footnotes":""},"categories":[145],"tags":[15263,211,210,114,115,32,33,15267],"class_list":{"0":"post-167190","1":"post","2":"type-post","3":"status-publish","4":"format-standard","5":"has-post-thumbnail","7":"category-celebridades","8":"tag-almeno-goncalves","9":"tag-celebridades","10":"tag-celebrities","11":"tag-entertainment","12":"tag-entretenimento","13":"tag-portugal","14":"tag-pt","15":"tag-rita-salema"},"share_on_mastodon":{"url":"https:\/\/pubeurope.com\/@pt\/115622373541814250","error":""},"_links":{"self":[{"href":"https:\/\/www.europesays.com\/pt\/wp-json\/wp\/v2\/posts\/167190","targetHints":{"allow":["GET"]}}],"collection":[{"href":"https:\/\/www.europesays.com\/pt\/wp-json\/wp\/v2\/posts"}],"about":[{"href":"https:\/\/www.europesays.com\/pt\/wp-json\/wp\/v2\/types\/post"}],"author":[{"embeddable":true,"href":"https:\/\/www.europesays.com\/pt\/wp-json\/wp\/v2\/users\/2"}],"replies":[{"embeddable":true,"href":"https:\/\/www.europesays.com\/pt\/wp-json\/wp\/v2\/comments?post=167190"}],"version-history":[{"count":0,"href":"https:\/\/www.europesays.com\/pt\/wp-json\/wp\/v2\/posts\/167190\/revisions"}],"wp:featuredmedia":[{"embeddable":true,"href":"https:\/\/www.europesays.com\/pt\/wp-json\/wp\/v2\/media\/167191"}],"wp:attachment":[{"href":"https:\/\/www.europesays.com\/pt\/wp-json\/wp\/v2\/media?parent=167190"}],"wp:term":[{"taxonomy":"category","embeddable":true,"href":"https:\/\/www.europesays.com\/pt\/wp-json\/wp\/v2\/categories?post=167190"},{"taxonomy":"post_tag","embeddable":true,"href":"https:\/\/www.europesays.com\/pt\/wp-json\/wp\/v2\/tags?post=167190"}],"curies":[{"name":"wp","href":"https:\/\/api.w.org\/{rel}","templated":true}]}}