{"id":167194,"date":"2025-11-27T15:32:09","date_gmt":"2025-11-27T15:32:09","guid":{"rendered":"https:\/\/www.europesays.com\/pt\/167194\/"},"modified":"2025-11-27T15:32:09","modified_gmt":"2025-11-27T15:32:09","slug":"unica-gravacao-em-video-do-black-sabbath-com-dave-walker-surge-online-assista","status":"publish","type":"post","link":"https:\/\/www.europesays.com\/pt\/167194\/","title":{"rendered":"\u00danica grava\u00e7\u00e3o em v\u00eddeo do Black Sabbath com Dave Walker surge online; assista"},"content":{"rendered":"\n<p>O vocalista <strong><a href=\"https:\/\/igormiranda.com.br\/tag\/dave-walker\/\" target=\"_blank\" rel=\"noreferrer noopener nofollow\">Dave Walker<\/a><\/strong>, conhecido por seus trabalhos com <strong>Fleetwood Mac<\/strong> e <strong>Savoy Brown<\/strong>, fez parte do <strong><a href=\"https:\/\/igormiranda.com.br\/tag\/black-sabbath\/\" target=\"_blank\" rel=\"noreferrer noopener nofollow\">Black Sabbath<\/a><\/strong> por alguns meses na vaga deixada por <strong><a href=\"https:\/\/igormiranda.com.br\/tag\/ozzy-osbourne\/\" target=\"_blank\" rel=\"noreferrer noopener nofollow\">Ozzy Osbourne<\/a><\/strong>. A passagem rel\u00e2mpago durou entre setembro de 1977 e janeiro de 1978.<\/p>\n<p>\u00ad<\/p>\n<p>&#8211; Advertisement &#8211;<\/p>\n<p>\u00c0 \u00e9poca, Ozzy quis sair do grupo. Todavia, optou por retornar. Acabou demitido em definitivo apenas em abril de 1979.<\/p>\n<p>Embora tenha ficado por pouco tempo, Walker chegou a trabalhar de forma ativa com o Sabbath. O \u00e1lbum <strong>\u201c<a href=\"https:\/\/igormiranda.com.br\/2023\/09\/black-sabbath-never-say-die-album-historia\/\" target=\"_blank\" rel=\"noreferrer noopener nofollow\">Never Say Die!<\/a>\u201d<\/strong>, lan\u00e7ado em 1978, o traria originalmente nos vocais \u2013 as composi\u00e7\u00f5es iniciais foram concebidas para a performance dele, sendo descartadas ap\u00f3s o retorno de Osbourne.<\/p>\n<p>A \u00fanica apresenta\u00e7\u00e3o de Dave com o Black Sabbath ocorreu no programa <strong>\u201cLook! Hear!\u201d<\/strong>, da TV BBC Midlands. Al\u00e9m de uma vers\u00e3o inicial de <strong>\u201cJunior\u2019s Eyes\u201d<\/strong>, eles executaram um trecho de <strong>\u201cWar Pigs\u201d<\/strong>.<\/p>\n<p>Desde ent\u00e3o, havia acesso apenas ao \u00e1udio desse registro. Entretanto, o v\u00eddeo chegou ao YouTube na noite da \u00faltima quarta-feira (26). Assista a seguir ou <strong><a href=\"https:\/\/www.youtube.com\/watch?v=bRJbm0SUHXM\" target=\"_blank\" rel=\"noreferrer noopener nofollow\">clicando aqui<\/a><\/strong>.<\/p>\n<p>  Black Sabbath e Dave Walker <\/p>\n<p>Quando o vocalista Ozzy Osbourne \u2014 o mais impactado pelo v\u00edcio em drogas e \u00e1lcool \u2014 saiu ao final da turn\u00ea mundial de 1977 do \u00e1lbum <strong>\u201cTechnical Ecstasy\u201d<\/strong> (1976), o Black Sabbath quase se separou. Ao mesmo tempo, os remanescentes dizem que nunca consideraram desistir.<\/p>\n<p>Na autobiografia \u201cIron Man\u201d (Planeta, 2013), o guitarrista Tony Iommi reflete sobre o pensamento dele, do baixista <strong>Geezer Butler<\/strong> e do baterista <strong>Bill Ward<\/strong> no per\u00edodo.<\/p>\n<p>\u201cA gente se perguntou: ser\u00e1 que ele [Ozzy] volta? Pode mudar de ideia, n\u00e3o sabemos. No entanto, tamb\u00e9m dissemos: \u2018N\u00e3o podemos simplesmente ficar parados aqui, temos que fazer alguma coisa\u2019.\u201d<\/p>\n<p>Os tr\u00eas logo encontraram um novo vocalista na figura de Dave Walker, ex-integrante do Savoy Brown, que Tony e Bill j\u00e1 conheciam de outros carnavais.<\/p>\n<p>\u201cEle tocava em uma banda local de Birmingham chamada The Red Caps. Mais tarde, cantou com o Savoy Brown e o Fleetwood Mac e se mudou para S\u00e3o Francisco. Lembrei que ele tinha uma voz legal, a\u00ed entramos em contato com ele. Ensaiamos com Dave por um tempo e escrevemos duas ou tr\u00eas m\u00fasicas com ele.\u201d<\/p>\n<p>A not\u00edcia vazou para a imprensa, mas essa mudan\u00e7a na forma\u00e7\u00e3o \u2014 a primeira desde o come\u00e7o da banda dez anos antes \u2014, durou apenas uma \u00fanica apari\u00e7\u00e3o no programa de TV \u201cLook Here!\u201d da BBC Midlands, na qual tocaram \u201cJunior\u2019s Eyes\u201d e \u201cWar Pigs\u201d.<\/p>\n<p>Por alguma raz\u00e3o, as coisas n\u00e3o deram certo com Dave Walker e Ozzy retornou. \u00c0 Guitar World, Iommi diz que todo o material que geraria \u201cNever Say Die!\u201d precisou ser refeito. O motivo? Osbourne n\u00e3o queria cant\u00e1-lo.<\/p>\n<p>\u201cPouco antes de gravarmos \u2018Never Say Die!\u2019, Ozzy saiu da banda. Nunca quisemos que ele sa\u00edsse e acho que ele queria voltar, mas ningu\u00e9m dizia ao outro como se sentia. Ent\u00e3o, tivemos que trazer outro vocalista e compor material novo. Dois dias antes de finalmente estarmos prontos para gravar novamente, Ozzy decidiu voltar. E ele n\u00e3o cantaria nenhuma m\u00fasica que fizemos sem ele! Bill teve que cantar em uma m\u00fasica (<strong>\u2018Swinging the Chain\u2019<\/strong>) porque Ozzy se recusava.\u201d<\/p>\n<p>Iommi explicou, ainda, por que \u201cNever Say Die!\u201d soa \u201cconfuso\u201d, em sua vis\u00e3o.<\/p>\n<p>\u201cAcabamos compondo durante o dia para gravar \u00e0 noite. N\u00e3o tivemos tempo de revisar essas m\u00fasicas e fazer altera\u00e7\u00f5es. Como resultado, esse \u00e1lbum soa muito confuso.\u201d<\/p>\n<p>Na autobiografia \u201cEu Sou Ozzy\u201d (Benvir\u00e1, 2010), o vocalista conta que quando voltou, algumas semanas depois, tudo estava normal de novo \u2014 pelo menos na superf\u00edcie:<\/p>\n<p>\u201cNingu\u00e9m realmente falou sobre o que aconteceu. Eu s\u00f3 apareci no est\u00fadio um dia e foi o fim da briga. Mas era \u00f3bvio que as coisas tinham mudado, principalmente entre mim e Tony.\u201d<\/p>\n<p><strong>Clique<\/strong> para seguir IgorMiranda.com.br no: <a href=\"https:\/\/instagram.com\/igormirandasite\" target=\"_blank\" rel=\"noreferrer noopener nofollow\">Instagram<\/a> | <a href=\"https:\/\/bsky.app\/profile\/igormirandasite.bsky.social\" target=\"_blank\" rel=\"noreferrer noopener nofollow\">Bluesky<\/a> | <a href=\"https:\/\/twitter.com\/igormirandasite\" target=\"_blank\" rel=\"noreferrer noopener nofollow\">Twitter<\/a> | <a href=\"https:\/\/tiktok.com\/@igormirandasite\" target=\"_blank\" rel=\"noreferrer noopener nofollow\">TikTok<\/a> | <a href=\"https:\/\/facebook.com\/igormirandasite\" target=\"_blank\" rel=\"noreferrer noopener nofollow\">Facebook<\/a> | <a href=\"https:\/\/www.youtube.com\/igormirandasite\" target=\"_blank\" rel=\"noreferrer noopener nofollow\">YouTube<\/a> | <a href=\"https:\/\/www.threads.net\/@igormirandasite\" target=\"_blank\" rel=\"noreferrer noopener nofollow\">Threads<\/a>.<\/p>\n<p> <script async src=\"https:\/\/platform.twitter.com\/widgets.js\" charset=\"utf-8\"><\/script><script async src=\"\/\/www.instagram.com\/embed.js\"><\/script><script async src=\"\/\/www.tiktok.com\/embed.js\"><\/script><\/p>\n","protected":false},"excerpt":{"rendered":"O vocalista Dave Walker, conhecido por seus trabalhos com Fleetwood Mac e Savoy Brown, fez parte do Black&hellip;\n","protected":false},"author":2,"featured_media":167195,"comment_status":"","ping_status":"","sticky":false,"template":"","format":"standard","meta":{"footnotes":""},"categories":[141],"tags":[240,35170,114,115,149,150,32,33],"class_list":{"0":"post-167194","1":"post","2":"type-post","3":"status-publish","4":"format-standard","5":"has-post-thumbnail","7":"category-musica","8":"tag-black-sabbath","9":"tag-dave-walker","10":"tag-entertainment","11":"tag-entretenimento","12":"tag-music","13":"tag-musica","14":"tag-portugal","15":"tag-pt"},"share_on_mastodon":{"url":"https:\/\/pubeurope.com\/@pt\/115622388886605070","error":""},"_links":{"self":[{"href":"https:\/\/www.europesays.com\/pt\/wp-json\/wp\/v2\/posts\/167194","targetHints":{"allow":["GET"]}}],"collection":[{"href":"https:\/\/www.europesays.com\/pt\/wp-json\/wp\/v2\/posts"}],"about":[{"href":"https:\/\/www.europesays.com\/pt\/wp-json\/wp\/v2\/types\/post"}],"author":[{"embeddable":true,"href":"https:\/\/www.europesays.com\/pt\/wp-json\/wp\/v2\/users\/2"}],"replies":[{"embeddable":true,"href":"https:\/\/www.europesays.com\/pt\/wp-json\/wp\/v2\/comments?post=167194"}],"version-history":[{"count":0,"href":"https:\/\/www.europesays.com\/pt\/wp-json\/wp\/v2\/posts\/167194\/revisions"}],"wp:featuredmedia":[{"embeddable":true,"href":"https:\/\/www.europesays.com\/pt\/wp-json\/wp\/v2\/media\/167195"}],"wp:attachment":[{"href":"https:\/\/www.europesays.com\/pt\/wp-json\/wp\/v2\/media?parent=167194"}],"wp:term":[{"taxonomy":"category","embeddable":true,"href":"https:\/\/www.europesays.com\/pt\/wp-json\/wp\/v2\/categories?post=167194"},{"taxonomy":"post_tag","embeddable":true,"href":"https:\/\/www.europesays.com\/pt\/wp-json\/wp\/v2\/tags?post=167194"}],"curies":[{"name":"wp","href":"https:\/\/api.w.org\/{rel}","templated":true}]}}